{"id":220160,"date":"2022-04-10T17:07:25","date_gmt":"2022-04-10T15:07:25","guid":{"rendered":"https:\/\/www.cronacaonline.it\/?p=220160"},"modified":"2022-04-10T17:07:28","modified_gmt":"2022-04-10T15:07:28","slug":"bit-milano-assessore-chessa-siamo-uno-degli-spazi-espositivi-piu-grandi-e-abbiamo-catturato-lattenzione-di-pubblico-e-operatori","status":"publish","type":"post","link":"https:\/\/www.cronacaonline.it\/index.php\/2022\/04\/10\/bit-milano-assessore-chessa-siamo-uno-degli-spazi-espositivi-piu-grandi-e-abbiamo-catturato-lattenzione-di-pubblico-e-operatori\/","title":{"rendered":"Bit Milano, Assessore Chessa: siamo uno degli spazi espositivi pi\u00f9 grandi e abbiamo catturato l\u2019attenzione di pubblico e operatori."},"content":{"rendered":"\n<p>Milano, 10 Apr 2022\u00a0\u2013 \u201cLa Sardegna sar\u00e0 protagonista nell\u2019edizione 2022 della Bit di Milano, importante appuntamento della campagna fieristica programmata dalla Regione per proporre l\u2019offerta turistica sarda negli eventi di livello internazionale. Dopo una confortante ripresa del turismo nel 2021, ci attendiamo un 2022 ricco di soddisfazioni, convinti che l\u2019immenso patrimonio paesaggistico e ambientale, unito alla ricchezza di tradizioni, cultura, monumenti archeologici e storici, possa confermare l\u2019Isola tra le destinazioni turistiche pi\u00f9 amate dai turisti. Gli investimenti che la Giunta regionale sta realizzando nel settore del turismo consentono di fare proposte di vacanza adeguate ad una domanda sempre pi\u00f9 diversificata, che vada oltre un classico appuntamento per gli appassionati del mare e consacri la Sardegna come destinazione ideale per ogni periodo dell\u2019anno\u201d. Lo ha detto il presidente della Regione sarda, in occasione dell'apertura della Borsa internazionale del turismo di Milano, inaugurata questa mattina alla presenza del ministro del Turismo, Massimo Garavaglia, che, dopo un anno di pausa, torna in presenza. Secondo lo slogan scelto dagli organizzatori, sar\u00e0 un \u201cgiro del mondo in tre giorni\u201d, da oggi fino a marted\u00ec 12 aprile:\u00a0la prima giornata dedicata al pubblico, mentre le altre due sono riservate agli operatori del settore con un fitto calendario di incontri tra domanda e offerta.<br>La Sardegna \u00e8 presente con un proprio spazio espositivo di 1.027 mq, quasi il doppio dell\u2019edizione 2020, realizzato in collaborazione con Unioncamere e Camera di commercio di Cagliari, che ospita 46 operatori, su circa 900 totali (il 15% arriva da 35 paesi esteri), in rappresentanza dei vari settori: dal ricettivo (29 tra strutture alberghiere, villaggi turistici e casa vacanze) ai servizi (tour e bus operator, organizzazione eventi e associazioni), dal turismo religioso ai consorzi turistici.<br>\u201cIl valore della Bit nell\u2019ambito del mercato turistico internazionale e l\u2019importanza per la Sardegna del mercato nazionale (quest\u2019anno l'80% degli italiani che viaggeranno sceglier\u00e0 il turismo interno) ci hanno convinto ad ampliare e migliorare ulteriormente, come gi\u00e0 nel 2020, gli spazi e gli allestimenti dedicati alla nostra offerta turistica. Siamo uno degli spazi espositivi pi\u00f9 grandi e abbiamo catturato l\u2019attenzione di pubblico e operatori, che si soffermano ad ammirare il nostro spazio espositivo\u201d, ha spiegato l\u2019assessore regionale del Turismo, Gianni Chessa.<br>Lo spazio riservato alla Sardegna, che ospita anche gli stand delle Fondazioni Mont\u2019e Prama e Barumini, \u00e8 realizzato con materiale naturale (pavimenti in cocco e muri in sughero che simulano la corteccia d'albero), in alcuni punti \u00e8 arricchito dai cestini sardi e da una parete di piante che emana i profumi della macchia mediterranea. \u00c8 caratterizzato anche da dodici grandi schermi, per un totale di 60 mq, che trasmettono le immagini della Sardegna, oltre a due aree di videoproiezione in modalit\u00e0 'immersiva' (tecnologia che consente di essere \u2018avvolti e catturati\u2019 nelle immagini) dedicate alla tradizione e ai paesaggi. Infine, uno spazio per i laboratori di degustazione enogastronomica e un palco per le esibizioni di musica, ballo e canto legati alla tradizione, con nove appuntamenti giornalieri di circa 15 minuti, organizzati dalla Fondazione Maria Carta.<br>\"Dopo la presenza alle fiere di Madrid, Parigi e Tel Aviv, nonostante le difficolt\u00e0 dovute all\u2019emergenza sanitaria, la Sardegna non poteva mancare a Milano, evento internazionale di valore dove presentare la propria offerta turistica \u2013 ha aggiunto l'assessore Chessa, durante il taglio del nastro dello \u2018Spazio Sardegna \u2013 La presenza dell\u2019Isola nel mercato turistico non deve essere limitarsi a una proposta estiva legata\u00a0esclusivamente\u00a0al mare, ma deve puntare a presentare, oltre a natura e ambiente, anche le eccellenze degli altri segmenti di turismo con prodotti tematici appetibili, migliorando la qualit\u00e0 dei servizi, la formazione e la professionalizzazione dell\u2019intera filiera. Il turismo balneare non basta e per avere una migliore distribuzione dei flussi, anche nei mesi di spalla e nell\u2019intero territorio isolano, puntiamo convintamente su storia e tradizioni, cultura e archeologia, sugli eventi sportivi e sul turismo lento e religioso, sull\u2019enoturismo e sul turismo congressuale. Un\u2019offerta articolata e diversificata che esalti i punti di forza e le peculiarit\u00e0 dei nostri territori e della nostra storia, cos\u00ec da conseguire un sempre migliore posizionamento della \u2018destinazione Sardegna\u2019. Il turismo deve ripartire con slancio per conseguire effetti positivi sull'intero sistema economico isolano\u201d. Com<\/p>\n","protected":false},"excerpt":{"rendered":"<p>Milano, 10 Apr 2022\u00a0\u2013 \u201cLa Sardegna sar\u00e0 protagonista nell\u2019edizione 2022 della Bit di Milano, importante appuntamento della campagna fieristica programmata dalla Regione per proporre l\u2019offerta&#8230;<\/p>\n","protected":false},"author":2,"featured_media":220161,"comment_status":"closed","ping_status":"open","sticky":false,"template":"","format":"standard","meta":[],"categories":[49,52],"tags":[],"_links":{"self":[{"href":"https:\/\/www.cronacaonline.it\/index.php\/wp-json\/wp\/v2\/posts\/220160"}],"collection":[{"href":"https:\/\/www.cronacaonline.it\/index.php\/wp-json\/wp\/v2\/posts"}],"about":[{"href":"https:\/\/www.cronacaonline.it\/index.php\/wp-json\/wp\/v2\/types\/post"}],"author":[{"embeddable":true,"href":"https:\/\/www.cronacaonline.it\/index.php\/wp-json\/wp\/v2\/users\/2"}],"replies":[{"embeddable":true,"href":"https:\/\/www.cronacaonline.it\/index.php\/wp-json\/wp\/v2\/comments?post=220160"}],"version-history":[{"count":1,"href":"https:\/\/www.cronacaonline.it\/index.php\/wp-json\/wp\/v2\/posts\/220160\/revisions"}],"predecessor-version":[{"id":220162,"href":"https:\/\/www.cronacaonline.it\/index.php\/wp-json\/wp\/v2\/posts\/220160\/revisions\/220162"}],"wp:featuredmedia":[{"embeddable":true,"href":"https:\/\/www.cronacaonline.it\/index.php\/wp-json\/wp\/v2\/media\/220161"}],"wp:attachment":[{"href":"https:\/\/www.cronacaonline.it\/index.php\/wp-json\/wp\/v2\/media?parent=220160"}],"wp:term":[{"taxonomy":"category","embeddable":true,"href":"https:\/\/www.cronacaonline.it\/index.php\/wp-json\/wp\/v2\/categories?post=220160"},{"taxonomy":"post_tag","embeddable":true,"href":"https:\/\/www.cronacaonline.it\/index.php\/wp-json\/wp\/v2\/tags?post=220160"}],"curies":[{"name":"wp","href":"https:\/\/api.w.org\/{rel}","templated":true}]}}