{"id":220104,"date":"2022-04-08T19:02:05","date_gmt":"2022-04-08T17:02:05","guid":{"rendered":"https:\/\/www.cronacaonline.it\/?p=220104"},"modified":"2022-04-08T19:02:07","modified_gmt":"2022-04-08T17:02:07","slug":"dl-bollette-approvato-in-commissione-lemendamento-per-gli-sgravi-alle-imprese-dellisola","status":"publish","type":"post","link":"https:\/\/www.cronacaonline.it\/index.php\/2022\/04\/08\/dl-bollette-approvato-in-commissione-lemendamento-per-gli-sgravi-alle-imprese-dellisola\/","title":{"rendered":"Dl bollette, approvato in commissione l\u2019emendamento per gli sgravi alle imprese dell\u2019isola."},"content":{"rendered":"\n<p>Cagliari, 8 Apr 2022 \u2013\u00a0Soddisfazione del Presidente della Regione Sardegna per l\u2019approvazione, nelle Commissioni Ambiente e Attivit\u00e0 Produttive della Camera dei Deputati, dell\u2019emendamento al \u201cDl bollette\u201d, che sar\u00e0 in Aula la settimana prossima, con il quale si prevede che il Gestore dei servizi energetici Gse compri energia dagli impianti rinnovabili con contratti di ritiro e vendita di lunga durata, pari ad almeno tre anni, e la destini con prezzi agevolati in priorit\u00e0 ai clienti industriali energivori, alle piccole e medie imprese e ai clienti localizzati Sardegna e Sicilia. Un emendamento fortemente sostenuto dalla Sardegna in Conferenza delle Regioni che, aggiunge, non rappresenta il pieno risultato da noi rivendicato, ma \u00e8 comunque un significativo passo avanti.<\/p>\n\n\n\n<p>L\u2019obiettivo della Sardegna, ribadisce il Presidente, \u00e8 la perfetta perequazione tariffaria, con la quale consentire alle aziende che operano in Sardegna una situazione di reale competitivit\u00e0 con quelle delle altre Regioni.<\/p>\n\n\n\n<p>Il contenuto di questo emendamento, prosegue il Presidente, pur certamente positivo, \u00e8 da intendersi dunque come un passo avanti verso la completa compensazione del blocco della super interrompibilit\u00e0, cio\u00e8 la compensazione sui costi dell'energia, non pi\u00f9 prevista dal 2018.<\/p>\n\n\n\n<p>La perequazione servir\u00e0 a colmare, almeno in parte, il differenziale tra i maggiori costi dell\u2019energia sostenuti delle imprese energivore della Sardegna nei confronti di quelli sostenuti nelle altre Regioni.&nbsp;<\/p>\n\n\n\n<p>Soddisfazione anche da parte dell\u2019assessora all\u2019Industria Anita Pili, che in Conferenza delle Regioni si \u00e8 fatta portavoce delle richieste delle Isole maggiori.&nbsp;<\/p>\n\n\n\n<p>L\u2019emendamento approvato dalle Commissioni parlamentari, dice l\u2019assessora Pili, rispecchia la richiesta fatta dalle Regioni, capofila la Sardegna, per garantire nell\u2019immediatezza, attraverso il Gse, un prezzo garantito pi\u00f9 accettabile a beneficio di tutte le aziende sarde, per dare una risposta temporanea ma efficace all\u2019urgenza. Dobbiamo assolutamente offrire una prospettiva per la continuit\u00e0 della produzione industriale, ma il nostro obiettivo rimane quello di una soluzione strutturale e duratura. Il DL che sar\u00e0 da luned\u00ec all\u2019esame della Camera, in tale modo emendato, rappresenta certamente un primo passo, ma per valutare i contenuti e gli impegni per le imprese energivore della Sardegna, conclude l\u2019assessora Pili, occorre attendere l\u2019approvazione e la pubblicazione del Decreto. Com<\/p>\n","protected":false},"excerpt":{"rendered":"<p>Cagliari, 8 Apr 2022 \u2013\u00a0Soddisfazione del Presidente della Regione Sardegna per l\u2019approvazione, nelle Commissioni Ambiente e Attivit\u00e0 Produttive della Camera dei Deputati, dell\u2019emendamento al \u201cDl&#8230;<\/p>\n","protected":false},"author":2,"featured_media":187129,"comment_status":"closed","ping_status":"open","sticky":false,"template":"","format":"standard","meta":[],"categories":[49,52],"tags":[],"_links":{"self":[{"href":"https:\/\/www.cronacaonline.it\/index.php\/wp-json\/wp\/v2\/posts\/220104"}],"collection":[{"href":"https:\/\/www.cronacaonline.it\/index.php\/wp-json\/wp\/v2\/posts"}],"about":[{"href":"https:\/\/www.cronacaonline.it\/index.php\/wp-json\/wp\/v2\/types\/post"}],"author":[{"embeddable":true,"href":"https:\/\/www.cronacaonline.it\/index.php\/wp-json\/wp\/v2\/users\/2"}],"replies":[{"embeddable":true,"href":"https:\/\/www.cronacaonline.it\/index.php\/wp-json\/wp\/v2\/comments?post=220104"}],"version-history":[{"count":1,"href":"https:\/\/www.cronacaonline.it\/index.php\/wp-json\/wp\/v2\/posts\/220104\/revisions"}],"predecessor-version":[{"id":220105,"href":"https:\/\/www.cronacaonline.it\/index.php\/wp-json\/wp\/v2\/posts\/220104\/revisions\/220105"}],"wp:featuredmedia":[{"embeddable":true,"href":"https:\/\/www.cronacaonline.it\/index.php\/wp-json\/wp\/v2\/media\/187129"}],"wp:attachment":[{"href":"https:\/\/www.cronacaonline.it\/index.php\/wp-json\/wp\/v2\/media?parent=220104"}],"wp:term":[{"taxonomy":"category","embeddable":true,"href":"https:\/\/www.cronacaonline.it\/index.php\/wp-json\/wp\/v2\/categories?post=220104"},{"taxonomy":"post_tag","embeddable":true,"href":"https:\/\/www.cronacaonline.it\/index.php\/wp-json\/wp\/v2\/tags?post=220104"}],"curies":[{"name":"wp","href":"https:\/\/api.w.org\/{rel}","templated":true}]}}