{"id":220094,"date":"2022-04-08T17:04:06","date_gmt":"2022-04-08T15:04:06","guid":{"rendered":"https:\/\/www.cronacaonline.it\/?p=220094"},"modified":"2022-04-08T17:04:09","modified_gmt":"2022-04-08T15:04:09","slug":"patenti-pubblicato-lavviso-per-lacquisizione-e-il-rinnovo-delle-patenti-c-e-cqc-d-e-cqc-ed-e-lassessore-zedda-risposta-al-fabbisogno-delle-aziende-di-trasporto","status":"publish","type":"post","link":"https:\/\/www.cronacaonline.it\/index.php\/2022\/04\/08\/patenti-pubblicato-lavviso-per-lacquisizione-e-il-rinnovo-delle-patenti-c-e-cqc-d-e-cqc-ed-e-lassessore-zedda-risposta-al-fabbisogno-delle-aziende-di-trasporto\/","title":{"rendered":"Patenti, pubblicato l\u2019avviso per l\u2019acquisizione e il rinnovo delle patenti c e cqc, d e cqc ed e. L\u2019assessore Zedda: \u201crisposta al fabbisogno delle aziende di trasporto e opportunit\u00e0 formativa per chi cerca lavoro\u201d"},"content":{"rendered":"\n<p>Cagliari, 8 Apr 2022 \u2013\u00a0\u00c8 appena partito, con la pubblicazione dell\u2019avviso da parte dell\u2019Agenzia regionale per il Lavoro, il primo bando per l\u2019acquisizione e il rinnovo delle patenti C E CQC, D E CQC ED E, con l\u2019introduzione di criteri equi e oggettivi per i voucher. \u201cAbbiamo introdotto nel bando alcuni importanti parametri di equit\u00e0 sociale e giustizia e, come promesso, oggi siamo pronti ad accogliere le domande per dare un\u2019altra risposta concreta a chi \u00e8 in cerca di lavoro\u201d, ha spiegato l\u2019Assessore del Lavoro, Alessandra Zedda illustrando la misura studiata e programmata dall\u2019Assessorato, in collaborazione con Aspal, per favorire l\u2019occupazione e generare nuove opportunit\u00e0 attraverso percorsi formativi mirati. L\u2019elenco dei beneficiari verr\u00e0 infatti individuato in base all'ISEE, attribuendo (a parit\u00e0 di reddito) quale requisito preferenziale la minore et\u00e0 anagrafica. \u201cCon questi criteri privilegiati il beneficio regionale verr\u00e0 destinato ai segmenti di popolazione in condizione di maggiore bisogno con evidenti ricadute di carattere sociale ed economico\u201d, ha spiegato sempre l\u2019Assessore Zedda parlando di una \u201cmisura importante e capace di far realmente incontrare domanda e offerta dando una risposta concreta al fabbisogno delle aziende di trasporto e logistica e offrendo nuove possibilit\u00e0 formative a chi in questo momento non ha un lavoro stabile\u201d.<\/p>\n\n\n\n<p>Il voucher andr\u00e0 a coprire il costo necessario per il conseguimento o l\u2019eventuale rinnovo di una o pi\u00f9 delle sopracitate patenti e relative qualificazioni per un importo massimo di 3.500 euro. Potranno presentare domanda i disoccupati e le disoccupate con Dichiarazione di immediata disponibilit\u00e0, DID, gi\u00e0 in possesso almeno di una patente superiore C o D. A questo primo bando ne seguiranno altri finalizzati ad abbracciare l\u2019intero bacino di interessati andando a \u2018recuperare\u2019 anche gli esclusi. \u00c8 quindi una prima azione della Regione volta a soddisfare una esigenza particolarmente sentita. Com<\/p>\n","protected":false},"excerpt":{"rendered":"<p>Cagliari, 8 Apr 2022 \u2013\u00a0\u00c8 appena partito, con la pubblicazione dell\u2019avviso da parte dell\u2019Agenzia regionale per il Lavoro, il primo bando per l\u2019acquisizione e il&#8230;<\/p>\n","protected":false},"author":2,"featured_media":216421,"comment_status":"closed","ping_status":"open","sticky":false,"template":"","format":"standard","meta":[],"categories":[49,52],"tags":[],"_links":{"self":[{"href":"https:\/\/www.cronacaonline.it\/index.php\/wp-json\/wp\/v2\/posts\/220094"}],"collection":[{"href":"https:\/\/www.cronacaonline.it\/index.php\/wp-json\/wp\/v2\/posts"}],"about":[{"href":"https:\/\/www.cronacaonline.it\/index.php\/wp-json\/wp\/v2\/types\/post"}],"author":[{"embeddable":true,"href":"https:\/\/www.cronacaonline.it\/index.php\/wp-json\/wp\/v2\/users\/2"}],"replies":[{"embeddable":true,"href":"https:\/\/www.cronacaonline.it\/index.php\/wp-json\/wp\/v2\/comments?post=220094"}],"version-history":[{"count":1,"href":"https:\/\/www.cronacaonline.it\/index.php\/wp-json\/wp\/v2\/posts\/220094\/revisions"}],"predecessor-version":[{"id":220095,"href":"https:\/\/www.cronacaonline.it\/index.php\/wp-json\/wp\/v2\/posts\/220094\/revisions\/220095"}],"wp:featuredmedia":[{"embeddable":true,"href":"https:\/\/www.cronacaonline.it\/index.php\/wp-json\/wp\/v2\/media\/216421"}],"wp:attachment":[{"href":"https:\/\/www.cronacaonline.it\/index.php\/wp-json\/wp\/v2\/media?parent=220094"}],"wp:term":[{"taxonomy":"category","embeddable":true,"href":"https:\/\/www.cronacaonline.it\/index.php\/wp-json\/wp\/v2\/categories?post=220094"},{"taxonomy":"post_tag","embeddable":true,"href":"https:\/\/www.cronacaonline.it\/index.php\/wp-json\/wp\/v2\/tags?post=220094"}],"curies":[{"name":"wp","href":"https:\/\/api.w.org\/{rel}","templated":true}]}}