{"id":220092,"date":"2022-04-08T16:09:08","date_gmt":"2022-04-08T14:09:08","guid":{"rendered":"https:\/\/www.cronacaonline.it\/?p=220092"},"modified":"2022-04-08T16:09:11","modified_gmt":"2022-04-08T14:09:11","slug":"aree-industriali-complesse-assessore-alessandra-zedda-al-via-la-presentazione-delle-domande-per-la-mobilita-in-deroga","status":"publish","type":"post","link":"https:\/\/www.cronacaonline.it\/index.php\/2022\/04\/08\/aree-industriali-complesse-assessore-alessandra-zedda-al-via-la-presentazione-delle-domande-per-la-mobilita-in-deroga\/","title":{"rendered":"Aree industriali complesse, Assessore Alessandra Zedda: al via la presentazione delle domande per la mobilit\u00e0 in deroga."},"content":{"rendered":"\n<p>Cagliari, 8 Apr 2022\u00a0- Le lavoratrici e lavoratori in mobilit\u00e0 delle Aree di crisi industriale complesse possono presentare domanda di prima concessione e proroga degli ammortizzatori sociali in deroga per l\u2019anno 2022. L\u2019Assessorato Regionale del Lavoro, a seguito degli accordi sottoscritti dall\u2019Assessore Alessandra Zedda e dalle organizzazioni sindacali, ha pubblicato l\u2019Avviso con le disposizioni per l\u2019apertura dei termini di presentazione delle istanze. Contestualmente, l\u2019Assessore Zedda ha reiterato, come gi\u00e0 avvenuto qualche mese fa con una lettera indirizzata al ministro del Lavoro Andrea Orlando, la richiesta di un intervento urgente per l'erogazione del conguaglio dell'indennit\u00e0 della mobilit\u00e0 in deroga per il 2021 \u201ccome previsto da un'apposita circolare che per la Regione Sardegna \u00e8 comunque rimasta inapplicata nonostante - ha ribadito l\u2019esponente della Giunta Sarda \u2013 si tratti di una regola di giustizia che dovrebbe andare di pari passo alle misure di politica attiva attivate dalla Regione\u201d.<\/p>\n\n\n\n<p>Con l'ultima legge di Bilancio \u00e8 stato previsto l'incremento della dotazione del Fondo sociale per l'occupazione e la formazione, nell'ambito del quale \u00e8 espressamente disposto lo stanziamento delle risorse per il rinnovo delle concessioni dei trattamenti e dell'indennit\u00e0 della mobilit\u00e0 in deroga in favore delle aziende e dei lavoratori che insistono nelle aree di crisi industriale complessa debitamente e formalmente riconosciute. Tra le regioni interessate \u00e8 compresa la Sardegna per le due aree di crisi industriale complesse di Porto Torres e del Sulcis-Iglesiente, che vedono coinvolti, anche quest'anno, circa 700 lavoratori. Ora, con la pubblicazione dell\u2019avviso i lavoratori in prima persona o le organizzazioni sindacali delegate, potranno predisporre ed inviare le istanze di prima concessione e proroga di Mobilit\u00e0 in deroga per l\u2019annualit\u00e0 2022, a partire dalle ore 10:00 del 13 aprile ed entro e non oltre le ore 23:59 del 2 maggio.&nbsp;&nbsp;Le istanze possono essere inviate esclusivamente attraverso i servizi online del SIL Sardegna, mediante il portale&nbsp;<a href=\"http:\/\/www.sardegnalavoro.it\/\" target=\"_blank\" rel=\"noreferrer noopener\">www.sardegnalavoro.it<\/a>. Com<\/p>\n","protected":false},"excerpt":{"rendered":"<p>Cagliari, 8 Apr 2022\u00a0&#8211; Le lavoratrici e lavoratori in mobilit\u00e0 delle Aree di crisi industriale complesse possono presentare domanda di prima concessione e proroga degli&#8230;<\/p>\n","protected":false},"author":2,"featured_media":215619,"comment_status":"closed","ping_status":"open","sticky":false,"template":"","format":"standard","meta":[],"categories":[49,52],"tags":[],"_links":{"self":[{"href":"https:\/\/www.cronacaonline.it\/index.php\/wp-json\/wp\/v2\/posts\/220092"}],"collection":[{"href":"https:\/\/www.cronacaonline.it\/index.php\/wp-json\/wp\/v2\/posts"}],"about":[{"href":"https:\/\/www.cronacaonline.it\/index.php\/wp-json\/wp\/v2\/types\/post"}],"author":[{"embeddable":true,"href":"https:\/\/www.cronacaonline.it\/index.php\/wp-json\/wp\/v2\/users\/2"}],"replies":[{"embeddable":true,"href":"https:\/\/www.cronacaonline.it\/index.php\/wp-json\/wp\/v2\/comments?post=220092"}],"version-history":[{"count":1,"href":"https:\/\/www.cronacaonline.it\/index.php\/wp-json\/wp\/v2\/posts\/220092\/revisions"}],"predecessor-version":[{"id":220093,"href":"https:\/\/www.cronacaonline.it\/index.php\/wp-json\/wp\/v2\/posts\/220092\/revisions\/220093"}],"wp:featuredmedia":[{"embeddable":true,"href":"https:\/\/www.cronacaonline.it\/index.php\/wp-json\/wp\/v2\/media\/215619"}],"wp:attachment":[{"href":"https:\/\/www.cronacaonline.it\/index.php\/wp-json\/wp\/v2\/media?parent=220092"}],"wp:term":[{"taxonomy":"category","embeddable":true,"href":"https:\/\/www.cronacaonline.it\/index.php\/wp-json\/wp\/v2\/categories?post=220092"},{"taxonomy":"post_tag","embeddable":true,"href":"https:\/\/www.cronacaonline.it\/index.php\/wp-json\/wp\/v2\/tags?post=220092"}],"curies":[{"name":"wp","href":"https:\/\/api.w.org\/{rel}","templated":true}]}}