{"id":220083,"date":"2022-04-08T15:38:24","date_gmt":"2022-04-08T13:38:24","guid":{"rendered":"https:\/\/www.cronacaonline.it\/?p=220083"},"modified":"2022-04-08T15:38:27","modified_gmt":"2022-04-08T13:38:27","slug":"regione-assessore-fasolino-approvata-la-proposta-di-programma-regionale-fesr-sardegna-2021-2027-da-1-miliardo-e-mezzo-di-euro","status":"publish","type":"post","link":"https:\/\/www.cronacaonline.it\/index.php\/2022\/04\/08\/regione-assessore-fasolino-approvata-la-proposta-di-programma-regionale-fesr-sardegna-2021-2027-da-1-miliardo-e-mezzo-di-euro\/","title":{"rendered":"Regione, Assessore Fasolino: approvata la proposta di programma regionale Fesr Sardegna 2021-2027 da 1 miliardo e mezzo di euro."},"content":{"rendered":"\n<p>Cagliari, 8 Apr 2022 \u2013\u00a0La Giunta ha approvato la proposta di Programma Regionale Fesr Sardegna 2021-2027 avanzata dall\u2019Assessore della Programmazione e Bilancio, Giuseppe Fasolino e che ora verr\u00e0 trasmessa alla Commissione europea, che per le vie brevi ha gi\u00e0 dato un parere positivo al piano regionale sardo. Articolato in 19 obiettivi specifici (collegati alle Priorit\u00e0 individuate e agli obiettivi strategici), ha una dotazione finanziaria complessiva di 1.581 milioni di euro, costituita da una quota di cofinanziamento UE pari al 70% e da una quota di cofinanziamento nazionale, pari al 30% del totale. La quota di cofinanziamento nazionale a sua volta \u00e8 composta da una quota, pari al 70%, a carico del bilancio dello Stato e di una quota, pari al 30%, a carico del bilancio regionale.<\/p>\n\n\n\n<p>Competitivit\u00e0 intelligente, transizione digitale, transizione verde, mobilit\u00e0 urbana sostenibile, Sardegna pi\u00f9 Sociale e inclusiva, Sviluppo sostenibile Urbano e Territoriale sono le priorit\u00e0 (o macro temi) del Programma. \u201cPromuoviamo una reale diversificazione e modernizzazione dell'economia locale, dando massima attenzione ai territori e creando i giusti presupposti per la ripresa \u2013 ha spiegato il Presidente della Regione Sardegna - &nbsp;La prima sfida che abbiamo davanti, all\u2019indomani degli effetti nefasti di una pandemia che in questi anni ha svelato drammaticamente la fragilit\u00e0 dei sistemi di governo \u2013 ha aggiunto il Presidente - \u00e8 di misurarci con una realt\u00e0 nuova e per farlo non possiamo che avviare quel processo di cambiamento ineludibile e necessario per accelerare il processo di modernizzazione della Sardegna, anche con un programma regionale ambizioso come questo, incentrato soprattutto sulla competitivit\u00e0 intelligente e sulla transizione verde, indirizzi sui quali si concentreranno le maggiori risorse\u201d. Non a caso, il Programma Regionale FESR risponde a quattro principali sfide: promuovere la crescita intelligente e il processo di trasformazione digitale del sistema regionale rilanciando la competitivit\u00e0 del sistema produttivo e creando occupazione di qualit\u00e0; assicurare la sostenibilit\u00e0 del processo di crescita regionale promuovendo la transizione verde; favorire la \u2018transizione giusta\u2019 e l\u2019inclusione dei gruppi svantaggiati garantendo la parit\u00e0 di accesso ai servizi dell\u2019istruzione, dell\u2019occupazione, del turismo, della cultura e della sanit\u00e0 di qualit\u00e0 e inclusivi; porre le aree urbane come motore del processo di cambiamento verso una societ\u00e0 pi\u00f9 vicina ai cittadini e promuovere l\u2019identit\u00e0 dei territori periferici per valorizzare le potenzialit\u00e0 naturalistiche e turistiche dell\u2019Isola e attivare nuovi processi locali di sviluppo sostenibile.<\/p>\n\n\n\n<p>Guardando ai territori, \u00e8 forte l\u2019esigenza di proseguire l\u2019esperienza della programmazione territoriale portata avanti nel periodo 2014-2020: \u201cAttraverso un forte coinvolgimento dei territori nell\u2019individuazione e nel rafforzamento delle strategie territoriali \u2013 ha spiegato l\u2019Assessore Fasolino - &nbsp;saranno definiti precisi progetti integrati di sviluppo al fine di disegnare al meglio gli interventi nel contesto locale, garantendo l\u2019integrazione operativa delle differenti fonti di finanziamento, sostenendo la cooperazione fra i territori e rafforzando la capacit\u00e0 amministrative attraverso azioni di accompagnamento alle comunit\u00e0 di progetto. Presupposto indispensabile per il raggiungimento degli obiettivi del Programma - sottolinea ancora l\u2019Assessore - sar\u00e0 infatti affrontare all\u2019origine le diseguaglianze sociali e territoriali, valorizzando appieno le potenzialit\u00e0 dell\u2019isola e le specifiche identit\u00e0 del suo territorio. In particolare \u2013 ha continuato l\u2019esponente della Giunta Sarda - la Strategia nazionale per le Aree interne rappresenta, anche nel quadro del ciclo di programmazione 2021-2027, uno degli ambiti primari per valorizzare l\u2019azione combinata dei fondi europei a sostegno dei territori fragili\u201d. Per quanto riguarda le politiche di sviluppo urbano, ha spiegato sempre l\u2019Assessore Fasolino, \u201csi garantir\u00e0 la continuit\u00e0 con gli strumenti gi\u00e0 attivati nella Programmazione 2014-2020, coinvolgendo le citt\u00e0 di Cagliari, Sassari e Olbia ed estendendo l\u2019approccio integrato gi\u00e0 sperimentato alle citt\u00e0 intermedie di Nuoro, Oristano, Carbonia e Iglesias. Si interverr\u00e0, inoltre, in specifici ambiti urbani funzionali individuati all\u2019interno della Citt\u00e0 metropolitana di Cagliari e della costituenda Citt\u00e0 metropolitana di Sassari, che saranno cos\u00ec coinvolte nello sviluppo dell\u2019Agenda urbana regionale\u201d. Un altro importante approccio che caratterizza il Programma \u00e8 quello della semplificazione: \u201cIn quest\u2019ottica \u00e8 infatti prevista l\u2019introduzione di strumenti e procedure volti a facilitare l\u2019azione amministrativa, migliorando l\u2019efficacia dei servizi offerti, e nel contempo agevolare i beneficiari nell\u2019utilizzo dei fondi\u201d, ha spiegato sempre l\u2019Assessore Fasolino evidenziando anche come il programma promuova la prospettiva di genere e tenga conto della tutela del principio dell'uguaglianza, dell'inclusione e della non discriminazione delle persone diversamente abili.<\/p>\n\n\n\n<p>Il percorso di formulazione del Programma regionale ha visto il confronto con gli organi politici, gli Assessorati competenti e il Partenariato Regionale, attraverso lo svolgimento di una serie di incontri tematici e trasversali durante i quali sono stati condivisi contributi e indicazioni poi recepiti nella definizione del Programma che ora verr\u00e0 trasmesso alla Commissione Europea. Com<\/p>\n","protected":false},"excerpt":{"rendered":"<p>Cagliari, 8 Apr 2022 \u2013\u00a0La Giunta ha approvato la proposta di Programma Regionale Fesr Sardegna 2021-2027 avanzata dall\u2019Assessore della Programmazione e Bilancio, Giuseppe Fasolino e&#8230;<\/p>\n","protected":false},"author":2,"featured_media":174882,"comment_status":"closed","ping_status":"open","sticky":false,"template":"","format":"standard","meta":[],"categories":[49,52],"tags":[],"_links":{"self":[{"href":"https:\/\/www.cronacaonline.it\/index.php\/wp-json\/wp\/v2\/posts\/220083"}],"collection":[{"href":"https:\/\/www.cronacaonline.it\/index.php\/wp-json\/wp\/v2\/posts"}],"about":[{"href":"https:\/\/www.cronacaonline.it\/index.php\/wp-json\/wp\/v2\/types\/post"}],"author":[{"embeddable":true,"href":"https:\/\/www.cronacaonline.it\/index.php\/wp-json\/wp\/v2\/users\/2"}],"replies":[{"embeddable":true,"href":"https:\/\/www.cronacaonline.it\/index.php\/wp-json\/wp\/v2\/comments?post=220083"}],"version-history":[{"count":1,"href":"https:\/\/www.cronacaonline.it\/index.php\/wp-json\/wp\/v2\/posts\/220083\/revisions"}],"predecessor-version":[{"id":220084,"href":"https:\/\/www.cronacaonline.it\/index.php\/wp-json\/wp\/v2\/posts\/220083\/revisions\/220084"}],"wp:featuredmedia":[{"embeddable":true,"href":"https:\/\/www.cronacaonline.it\/index.php\/wp-json\/wp\/v2\/media\/174882"}],"wp:attachment":[{"href":"https:\/\/www.cronacaonline.it\/index.php\/wp-json\/wp\/v2\/media?parent=220083"}],"wp:term":[{"taxonomy":"category","embeddable":true,"href":"https:\/\/www.cronacaonline.it\/index.php\/wp-json\/wp\/v2\/categories?post=220083"},{"taxonomy":"post_tag","embeddable":true,"href":"https:\/\/www.cronacaonline.it\/index.php\/wp-json\/wp\/v2\/tags?post=220083"}],"curies":[{"name":"wp","href":"https:\/\/api.w.org\/{rel}","templated":true}]}}