{"id":220061,"date":"2022-04-08T11:07:59","date_gmt":"2022-04-08T09:07:59","guid":{"rendered":"https:\/\/www.cronacaonline.it\/?p=220061"},"modified":"2022-04-08T11:08:02","modified_gmt":"2022-04-08T09:08:02","slug":"regione-sardegna-al-vinitaly-con-71-cantine-il-presidente-solinas-unoccasione-importante-per-promuovere-le-nostre-eccellenze-e-limmagine-dellisola","status":"publish","type":"post","link":"https:\/\/www.cronacaonline.it\/index.php\/2022\/04\/08\/regione-sardegna-al-vinitaly-con-71-cantine-il-presidente-solinas-unoccasione-importante-per-promuovere-le-nostre-eccellenze-e-limmagine-dellisola\/","title":{"rendered":"Regione Sardegna al Vinitaly con 71 cantine. Il presidente Solinas: \u201cun\u2019occasione importante per promuovere le nostre eccellenze e l\u2019immagine dell\u2019isola\u201d."},"content":{"rendered":"\n<p>Cagliari, 8 Apr 2022 -\u00a0La Regione Sardegna sar\u00e0 presente con le eccellenze del settore vitivinicolo alla 54ma edizione del Vinitaly, il prestigioso salone internazionale dei vini e dei distillati, in programma a Verona dal 10 al 13 aprile, che dopo due anni di sosta forzata quest\u2019anno torna in presenza.<\/p>\n\n\n\n<p>\u201cVinitaly \u00e8 un\u2019occasione importante \u2013 sottolinea il presidente della Regione, Christian Solinas \u2013 per promuovere l\u2019alta qualit\u00e0 delle nostre produzioni e mostrare a una platea qualificata di operatori di tutto il mondo le realt\u00e0 di un settore molto dinamico, in crescita, con realt\u00e0 imprenditoriali che stanno conquistando quote di mercato sempre pi\u00f9 consistenti. Il settore vitivinicolo sardo \u00e8 parte di un sistema integrato che ha enormi potenzialit\u00e0 di sviluppo in chiave turistica, perch\u00e9 l\u2019enoturismo \u00e8 una delle declinazioni di una gi\u00e0 ricca offerta di itinerari che la Sardegna pu\u00f2 presentare ai suoi visitatori. In questa manifestazione di altissimo livello si \u00e8 deciso di investire, anche a livello comunicativo e visivo, nell\u2019immagine della nostra Isola con un allestimento che rappresenta un\u2019efficace sintesi dei nostri simboli identitari, in cui il vino \u00e8 protagonista assoluto, quale elemento strettamente integrato nel territorio e nella storia della Sardegna\u201d.<\/p>\n\n\n\n<p>Nello stand della Regione - pi\u00f9 di 1.700 metri quadri all\u2019interno del Padiglione 8 di Veronafiere - oltre allo spazio istituzionale, un\u2019intera area \u00e8 dedicata alla Collettiva Sardegna selezionata dall\u2019Assessorato dell\u2019Agricoltura, composta da 71 aziende vitivinicole che rappresentano una sintesi qualificata della produzione enologica regionale.<\/p>\n\n\n\n<p>Il nuovo allestimento si presenta con un concept grafico e progettuale ispirato al legame strettissimo tra vino e territorio di origine, caratterizzato da elementi che riprendono la vegetazione, i colori e la materia del paesaggio isolano, con lo slogan \u201cL\u2019impronta di un territorio, l\u2019anima di una terra\u201d.&nbsp;&nbsp;Il concetto su cui \u00e8 imperniato lo sviluppo dello spazio espositivo ha l\u2019obiettivo di guidare il visitatore attraverso un percorso percettivo che valorizza la ricchezza del territorio sardo. Ricchezza non solo enologica ma anche culturale, architettonica e paesaggistica.<\/p>\n\n\n\n<p>Nel portale esterno sono poi riportati tutti gli elementi visivi identitari della Sardegna, tra i quali i giganti di Mont\u2019e Prama, che nella loro posizione di saluto rappresentano la scelta ideale per accogliere il visitatore all\u2019entrata, i simboli della civilt\u00e0 nuragica e la riconoscibile tessitura tipica dei tappeti sardi.<\/p>\n\n\n\n<p>\u201cLa Sardegna si presenta a questo evento \u2013 spiega l\u2019assessore regionale dell\u2019Agricoltura, Gabriella Murgia \u2013 con una selezione di vini e cantine di ottima qualit\u00e0 e di forte connotazione territoriale. Il settore, caratterizzato dall\u2019esistenza di aree storicamente vocate a produzioni di qualit\u00e0 e dotate di marchi ben consolidati, \u00e8 in crescita e in costante aggiornamento grazie all\u2019impegno di tutte le realt\u00e0 imprenditoriali e al supporto costante della Regione. \u00c8 indiscutibile la valenza agroambientale e paesaggistica della viticoltura come l\u2019alta professionalit\u00e0 degli operatori del settore: dobbiamo continuare su questa strada, promuovendo la sostenibilit\u00e0 e l\u2019innovazione dei processi produttivi e favorendo l\u2019aggregazione dei produttori insieme allo sviluppo dell\u2019intera filiera, con l\u2019obiettivo finale di migliorare ancor pi\u00f9 la qualit\u00e0 dei nostri vini e accrescere cos\u00ec il loro valore di mercato\u201d.<\/p>\n\n\n\n<p>L\u2019assessore Murgia sar\u00e0 presente&nbsp;domenica&nbsp;10&nbsp;aprile&nbsp;alla cerimonia inaugurale di Vinitaly (a partire dalle 10.30) e nel pomeriggio (alle 16) alla consegna del premio \u201cAngelo Betti\u201d, mentre luned\u00ec 11 (alle 11) parteciper\u00e0 alla riunione della Commissione Politiche agricole della Conferenza delle Regioni.<\/p>\n\n\n\n<p>Nei quattro giorni della manifestazione l\u2019area istituzionale ospiter\u00e0 un ricco calendario di eventi incentrati sulla presentazione e degustazione guidata delle eccellenze enologiche regionali accompagnate da prodotti tipici sardi ed eventi di approfondimento dei vitigni pi\u00f9 rappresentativi della Sardegna, con la testimonianza dal vivo di produttori ed esperti.<\/p>\n\n\n\n<p>Gli incontri, condotti in collaborazione con l\u2019Agenzia Agris e dedicati a operatori accreditati italiani ed esteri e giornalisti ed esperti di settore, approfondiranno il mondo dell\u2019arte casearia, salumiera, della cultura ittica conserviera e della tradizione dolciaria.<\/p>\n\n\n\n<p>\u00c8 poi prevista una degustazione guidata riservata agli operatori di delegazioni estere - condotta direttamente dall\u2019Assessorato in collaborazione con l\u2019Ice, l\u2019Agenzia per la promozione all\u2019estero e l\u2019internazionalizzazione delle imprese italiane, e Veronafiere \u2013 di una selezione significativa di vini di qualit\u00e0.<\/p>\n","protected":false},"excerpt":{"rendered":"<p>Cagliari, 8 Apr 2022 &#8211;\u00a0La Regione Sardegna sar\u00e0 presente con le eccellenze del settore vitivinicolo alla 54ma edizione del Vinitaly, il prestigioso salone internazionale dei&#8230;<\/p>\n","protected":false},"author":2,"featured_media":218557,"comment_status":"closed","ping_status":"open","sticky":false,"template":"","format":"standard","meta":[],"categories":[49,52],"tags":[],"_links":{"self":[{"href":"https:\/\/www.cronacaonline.it\/index.php\/wp-json\/wp\/v2\/posts\/220061"}],"collection":[{"href":"https:\/\/www.cronacaonline.it\/index.php\/wp-json\/wp\/v2\/posts"}],"about":[{"href":"https:\/\/www.cronacaonline.it\/index.php\/wp-json\/wp\/v2\/types\/post"}],"author":[{"embeddable":true,"href":"https:\/\/www.cronacaonline.it\/index.php\/wp-json\/wp\/v2\/users\/2"}],"replies":[{"embeddable":true,"href":"https:\/\/www.cronacaonline.it\/index.php\/wp-json\/wp\/v2\/comments?post=220061"}],"version-history":[{"count":1,"href":"https:\/\/www.cronacaonline.it\/index.php\/wp-json\/wp\/v2\/posts\/220061\/revisions"}],"predecessor-version":[{"id":220062,"href":"https:\/\/www.cronacaonline.it\/index.php\/wp-json\/wp\/v2\/posts\/220061\/revisions\/220062"}],"wp:featuredmedia":[{"embeddable":true,"href":"https:\/\/www.cronacaonline.it\/index.php\/wp-json\/wp\/v2\/media\/218557"}],"wp:attachment":[{"href":"https:\/\/www.cronacaonline.it\/index.php\/wp-json\/wp\/v2\/media?parent=220061"}],"wp:term":[{"taxonomy":"category","embeddable":true,"href":"https:\/\/www.cronacaonline.it\/index.php\/wp-json\/wp\/v2\/categories?post=220061"},{"taxonomy":"post_tag","embeddable":true,"href":"https:\/\/www.cronacaonline.it\/index.php\/wp-json\/wp\/v2\/tags?post=220061"}],"curies":[{"name":"wp","href":"https:\/\/api.w.org\/{rel}","templated":true}]}}