{"id":220044,"date":"2022-04-08T06:23:30","date_gmt":"2022-04-08T04:23:30","guid":{"rendered":"https:\/\/www.cronacaonline.it\/?p=220044"},"modified":"2022-04-08T06:23:32","modified_gmt":"2022-04-08T04:23:32","slug":"consiglio-sardegna-v-commissione-audizioni-su-pl-133-fondo-rotativo-per-le-assicurazioni-agricole-e-pac","status":"publish","type":"post","link":"https:\/\/www.cronacaonline.it\/index.php\/2022\/04\/08\/consiglio-sardegna-v-commissione-audizioni-su-pl-133-fondo-rotativo-per-le-assicurazioni-agricole-e-pac\/","title":{"rendered":"Consiglio Sardegna &#8211; V Commissione, audizioni su PL 133, Fondo rotativo per le assicurazioni agricole e Pac."},"content":{"rendered":"\n<p>Cagliari, 8 Apr 2022 \u2013 Serata di audizioni in commissione Attivit\u00e0 produttive, presieduta da Piero Maieli (Psd\u2019Az). Il parlamentino ha sentito le organizzazioni di categoria del settore artigiano, del commercio e Confagricoltura sulla proposta di legge 133 \u201cInterventi urgenti a favore delle piccole e medie imprese della Sardegna attraverso agevolazioni sul trasporto merci su gomma delle materie prime, in favore delle aziende agricole artigiane e piccoli commercianti\", primo firmatario Giuseppe Talanas (FI). La norma punta a riconoscere un contributo a fondo perduto per le spese di trasporto pari a 200 euro per viaggio, con importo annuo per azienda, fissato in mille euro, e ha una dotazione finanziaria di 3 milioni annui. I beneficiari del testo di legge, presentato nel 2020, ma quanto mai attuale, \u201csi propone di promuovere nel territorio tutte le sinergie possibili per agevolare le piccole e medie imprese, comprese quelle agricole, colpite da una serie di eventi che hanno inciso in maniera negativa sulla propria redditivit\u00e0\u201d. La proposta \u00e8 stata accolta con favore dalle associazioni di categoria, che hanno proposto alcuni miglioramenti: la possibilit\u00e0 di inserire le micro imprese, di sostituire il termine materie prime con merci e di prevedere la possibilit\u00e0 di suddividere il fondo tra le diverse categorie in modo da garantire il contributo a tutti. Le associazioni artigiane hanno evidenziato lo sforzo finanziario della Regione per supportare le imprese, ma hanno anche evidenziato che mancano ancora 40 milioni di euro per il Fondo resisto e che ci sono tante aziende che non hanno ancora avuto ristori. Le associazioni hanno, inoltre, evidenziato che le criticit\u00e0 maggiori riguardano i settori dei trasporti e la filiera delle costruzioni e hanno proposto di istituire un tavolo tecnico per cercare di creare un coordinamento tra le diverse agevolazioni. Hanno anche chiesto di dare priorit\u00e0 agli artigiani che hanno gi\u00e0 fatto investimenti e non hanno ancora ricevuto i finanziamenti. Il presidente Maieli, d\u2019accordo con il primo firmatario Talanas, si \u00e8 detto disponibile ad aggiornare la proposta in base alle necessit\u00e0 e ai problemi di oggi, tenendo in considerazione le osservazioni portate oggi all\u2019attenzione della Commissione con l\u2019obiettivo di redigere una norma snella, omogenea e uguale per tutte le aziende, anche nell\u2019ottica della lotta allo spopolamento. Nel corso della seduta sono intervenuti i consiglieri Giovanni Antonio Satta (Misto), Salvatore Corrias (Pd), Gianfranco Satta (Progressisti).\u00a0<\/p>\n\n\n\n<p>La Commissione ha poi sentito in&nbsp; audizione l\u2019assessore dell\u2019Agricoltura, Gabriella Murgia, il direttore generale dell\u2019Assessorato, Agostino Curreli, il commissario straordinario di Laore, Gerolamo Solina, la dirigente di Laore Graziella Carta, e i rappresentanti dei Consorzi di difesa delle attivit\u00e0 agricole, Priamo Picci, Sisinnio Piras e Salvatore Sanna sulle problematiche relative all'attuazione del Fondo rotativo per l'assicurazione agricola di cui all'art. 13 della legge regionale n. 17 del 2021. Per consentire l\u2019erogazione delle risorse del Fondo, in cui sono stati stanziati 10 milioni per 2021, e 2 milioni per il 2022 e altrettanti per il 2023, attualmente nella disponibilit\u00e0 dell\u2019Agenzia Laore, \u00e8 necessario un ulteriore passaggio: i Consorzi di difesa, infatti, non possono essere esecutori dei pagamenti perch\u00e9 la legge prevede che lo possano fare soltanto gli istituti creditizi. L\u2019assessora, il direttore generale, insieme al commissario di Laore, hanno quindi prospettato due soluzioni: riportare la norma in Consiglio regionale, approvare un emendamento che riporti i fondi in Assessorato, che poi stipuler\u00e0 una convenzione con la Sfirs, oppure Laore dovr\u00e0 fare un bando per esternalizzare l\u2019incarico a un istituto di credito. L\u2019assessora Murgia ha evidenziato che la prima soluzione sarebbe pi\u00f9 rapida. I rappresentanti dei Consorzi di difesa hanno chiesto celerit\u00e0 perch\u00e9 in molti, non avendo certezze sul contributo regionale, non stanno sottoscrivendo le polizze assicurative a copertura dei rischi climatici a carico delle coltivazioni e delle strutture aziendali, delle epizoozie, delle fitopatie e delle infestazioni parassitarie. Sul tema \u00e8 intervenuto il consigliere dei Progressisti, Gianfranco Satta, che ha esortato la Giunta a trovare una soluzione rapida a sostegno del mondo agricolo. Anche il consigliere Emanuele Cera (FI) ha evidenziato che risolvere la situazione trovando una formula che consenta l\u2019erogazione in tempi rapidi \u00e8 un\u2019esigenza primaria. I rappresentanti dei Consorzi hanno anche segnalato che Agea, secondo loro, non sta agendo in maniera corretta, perch\u00e9 sta pagando la campagna estiva 2021, lasciando indietro il pagamento di quella invernale del 2020.&nbsp;<\/p>\n\n\n\n<p>L\u2019assessora Murgia ha, infine, fornito una sintesi della situazione dei pagamenti relativi alla Pac: quelli relativi alla domanda unica 2021 ammontano a 188.957.767,20 euro. Le domande presentate complessivamente sono state 29.991 di cui 28251 hanno beneficiato di almeno un pagamento. Nella relazione \u00e8 scritto, inoltre, che \u00e8 previsto un prossimo pagamento tra fine aprile e i primi di maggio che interesser\u00e0 circa 400 domande per oltre 1 milione di euro, e un ultimo pagamento entro giugno a chiusura della campagna 2021, nel quale verranno erogati i premi connessi al sostegno accoppiato. L\u2019Assessora ha affermato che per il I Pilastro i pagamenti sono in linea con quanto previsto e che la Sardegna \u00e8 tra le regioni con i migliori avanzamenti, mentre ha sottolineato che c\u2019\u00e8 qualche ritardo con il Progetto Leader, strumento&nbsp;innovativo delle politiche comunitarie per lo sviluppo locale integrato e sostenibile dei territori rurali, il cui bando per\u00f2 \u00e8 molto complesso. Com<\/p>\n","protected":false},"excerpt":{"rendered":"<p>Cagliari, 8 Apr 2022 \u2013 Serata di audizioni in commissione Attivit\u00e0 produttive, presieduta da Piero Maieli (Psd\u2019Az). Il parlamentino ha sentito le organizzazioni di categoria&#8230;<\/p>\n","protected":false},"author":2,"featured_media":191300,"comment_status":"closed","ping_status":"open","sticky":false,"template":"","format":"standard","meta":[],"categories":[49,52],"tags":[],"_links":{"self":[{"href":"https:\/\/www.cronacaonline.it\/index.php\/wp-json\/wp\/v2\/posts\/220044"}],"collection":[{"href":"https:\/\/www.cronacaonline.it\/index.php\/wp-json\/wp\/v2\/posts"}],"about":[{"href":"https:\/\/www.cronacaonline.it\/index.php\/wp-json\/wp\/v2\/types\/post"}],"author":[{"embeddable":true,"href":"https:\/\/www.cronacaonline.it\/index.php\/wp-json\/wp\/v2\/users\/2"}],"replies":[{"embeddable":true,"href":"https:\/\/www.cronacaonline.it\/index.php\/wp-json\/wp\/v2\/comments?post=220044"}],"version-history":[{"count":1,"href":"https:\/\/www.cronacaonline.it\/index.php\/wp-json\/wp\/v2\/posts\/220044\/revisions"}],"predecessor-version":[{"id":220045,"href":"https:\/\/www.cronacaonline.it\/index.php\/wp-json\/wp\/v2\/posts\/220044\/revisions\/220045"}],"wp:featuredmedia":[{"embeddable":true,"href":"https:\/\/www.cronacaonline.it\/index.php\/wp-json\/wp\/v2\/media\/191300"}],"wp:attachment":[{"href":"https:\/\/www.cronacaonline.it\/index.php\/wp-json\/wp\/v2\/media?parent=220044"}],"wp:term":[{"taxonomy":"category","embeddable":true,"href":"https:\/\/www.cronacaonline.it\/index.php\/wp-json\/wp\/v2\/categories?post=220044"},{"taxonomy":"post_tag","embeddable":true,"href":"https:\/\/www.cronacaonline.it\/index.php\/wp-json\/wp\/v2\/tags?post=220044"}],"curies":[{"name":"wp","href":"https:\/\/api.w.org\/{rel}","templated":true}]}}