{"id":220040,"date":"2022-04-07T19:59:49","date_gmt":"2022-04-07T17:59:49","guid":{"rendered":"https:\/\/www.cronacaonline.it\/?p=220040"},"modified":"2022-04-07T19:59:52","modified_gmt":"2022-04-07T17:59:52","slug":"assessore-agricoltura-gabriella-murgia-presto-in-pagamento-i-40-milioni-per-il-sostegno-alle-aziende-zootecniche-definiti-i-parametri-di-intervento-per-i-settori-bovino-ovino-e-caprino","status":"publish","type":"post","link":"https:\/\/www.cronacaonline.it\/index.php\/2022\/04\/07\/assessore-agricoltura-gabriella-murgia-presto-in-pagamento-i-40-milioni-per-il-sostegno-alle-aziende-zootecniche-definiti-i-parametri-di-intervento-per-i-settori-bovino-ovino-e-caprino\/","title":{"rendered":"Assessore Agricoltura Gabriella Murgia: Presto in pagamento i 40 milioni per il sostegno alle aziende zootecniche. Definiti i parametri di intervento per i settori bovino, ovino e caprino."},"content":{"rendered":"\n<p>Cagliari, 7 Apr 2022 \u2013 \u2018Un altro impegno mantenuto verso un settore fondamentale per l\u2019economia della Sardegna. Aiuti fortemente attesi dal sistema produttivo agricolo regionale che, gi\u00e0 fortemente provato dal perdurare degli effetti della pandemia, ha subito pesantemente, e pi\u00f9 di altri comparti, il rincaro dei prezzi delle materie prime, come mangimi e granaglie necessarie per l\u2019alimentazione zootecnica, oltre al caro energia e dei trasporti marittimi, conseguenze anche della crisi internazionale causata dal conflitto russo-ucraino\u201d. Lo ha detto il Presidente della Regione Sardegna, che commenta con soddisfazione l\u2019accordo raggiunto con le organizzazioni di categoria sulla definizione dei parametri di intervento.<\/p>\n\n\n\n<p>Diventano cos\u00ec erogabili i 40 milioni destinati dalla Giunta Regionale in favore delle aziende. Aumenti indiscriminati e penalizzanti hanno fatto crescere a dismisura i costi della produzione, dice il Presidente Solinas.&nbsp;&nbsp;Abbiamo assunto l\u2019impegno di sostenere le nostre aziende, che ora potranno affrontare con pi\u00f9 serenit\u00e0 il momento di crisi e le difficolt\u00e0 che hanno colpito il settore della produzione agricola primaria dei bovini da latte e da carne, e dei comparti ovino e caprino.<\/p>\n\n\n\n<p>\u201cNell\u2019incontro con le organizzazioni professionali agricole sono stati definiti i parametri di intervento per l\u2019erogazione degli aiuti e le soglie minime di accesso \u2013 ha evidenziato l\u2019assessore regionale dell\u2019Agricoltura, Gabriella Murgia \u2013 Allo scopo di semplificare al massimo l\u2019attuazione dell\u2019intervento e snellire l\u2019iter amministrativo si \u00e8 condiviso che gli aiuti siano erogati a capo e sulla base dei dati aziendali al 31 dicembre 2021 desunti dalla Banca dati nazionale dell'anagrafe zootecnica. Inoltre, \u00e8 stata fissata una soglia minima di accesso determinata sulla base dei valori di produzione standard\u201d. Com<\/p>\n","protected":false},"excerpt":{"rendered":"<p>Cagliari, 7 Apr 2022 \u2013 \u2018Un altro impegno mantenuto verso un settore fondamentale per l\u2019economia della Sardegna. Aiuti fortemente attesi dal sistema produttivo agricolo regionale&#8230;<\/p>\n","protected":false},"author":2,"featured_media":217016,"comment_status":"closed","ping_status":"open","sticky":false,"template":"","format":"standard","meta":[],"categories":[49,52],"tags":[],"_links":{"self":[{"href":"https:\/\/www.cronacaonline.it\/index.php\/wp-json\/wp\/v2\/posts\/220040"}],"collection":[{"href":"https:\/\/www.cronacaonline.it\/index.php\/wp-json\/wp\/v2\/posts"}],"about":[{"href":"https:\/\/www.cronacaonline.it\/index.php\/wp-json\/wp\/v2\/types\/post"}],"author":[{"embeddable":true,"href":"https:\/\/www.cronacaonline.it\/index.php\/wp-json\/wp\/v2\/users\/2"}],"replies":[{"embeddable":true,"href":"https:\/\/www.cronacaonline.it\/index.php\/wp-json\/wp\/v2\/comments?post=220040"}],"version-history":[{"count":1,"href":"https:\/\/www.cronacaonline.it\/index.php\/wp-json\/wp\/v2\/posts\/220040\/revisions"}],"predecessor-version":[{"id":220041,"href":"https:\/\/www.cronacaonline.it\/index.php\/wp-json\/wp\/v2\/posts\/220040\/revisions\/220041"}],"wp:featuredmedia":[{"embeddable":true,"href":"https:\/\/www.cronacaonline.it\/index.php\/wp-json\/wp\/v2\/media\/217016"}],"wp:attachment":[{"href":"https:\/\/www.cronacaonline.it\/index.php\/wp-json\/wp\/v2\/media?parent=220040"}],"wp:term":[{"taxonomy":"category","embeddable":true,"href":"https:\/\/www.cronacaonline.it\/index.php\/wp-json\/wp\/v2\/categories?post=220040"},{"taxonomy":"post_tag","embeddable":true,"href":"https:\/\/www.cronacaonline.it\/index.php\/wp-json\/wp\/v2\/tags?post=220040"}],"curies":[{"name":"wp","href":"https:\/\/api.w.org\/{rel}","templated":true}]}}