{"id":220038,"date":"2022-04-07T19:57:05","date_gmt":"2022-04-07T17:57:05","guid":{"rendered":"https:\/\/www.cronacaonline.it\/?p=220038"},"modified":"2022-04-07T19:57:08","modified_gmt":"2022-04-07T17:57:08","slug":"220038","status":"publish","type":"post","link":"https:\/\/www.cronacaonline.it\/index.php\/2022\/04\/07\/220038\/","title":{"rendered":"(title)"},"content":{"rendered":"\n<p>Sanit\u00e0, l\u2019assessore Nieddu: \u201cdall\u2019opposizione cortina fumogena e falsit\u00e0. Noi impegnati a scrivere il futuro dell\u2019assistenza e delle Curel\u201d.<\/p>\n\n\n\n<p>Cagliari, 7 Apr 2022&nbsp;\u2013 \u201cL\u2019opposizione in consiglio regionale, alla ricerca della ribalta, alza una cortina fumogena di numeri e cifre per gettare fango sull\u2019operato della Giunta\u201d, dichiara l\u2019assessore regionale della Sanit\u00e0, Mario Nieddu, in riferimento alle polemiche sollevate da alcuni esponenti dell\u2019opposizione in Consiglio regionale. \u201cLa maggior parte delle risorse tirate in ballo risalgono addirittura al 2006. Sono finanziamenti che non possono essere persi a differenza del Pnrr che aveva tempi ben definiti e sul quale abbiamo concentrato tutti i nostri sforzi, nonostante la pandemia: 270 milioni di euro, che avremo sicuramente perso senza la nostra programmazione\u201d.<\/p>\n\n\n\n<p>\u201c\u00c8 assurdo \u2013 prosegue l'assessore \u2013 che ad accusarci sia chi, in tempo di pace, non \u00e8 riuscito o non ha voluto spendere le risorse a disposizione, che invece noi utilizzeremo fino all'ultimo centesimo. Oggi abbiamo&nbsp;approvato un programma di interventi da 270 milioni di euro dal PNRR, risorse che porteranno nuovi servizi e un nuovo modello di Sanit\u00e0 nell\u2019Isola. Siamo al lavoro per scrivere il futuro della nostra Sanit\u00e0 e tuttavia ci ritroviamo ad assistere a forzature strumentali il cui unico scopo non \u00e8 l\u2019interesse dei cittadini, ma \u00e8 quello di destabilizzare, gettando ombre sull\u2019operato dell\u2019attuale esecutivo regionale. Questo mentre continuiamo a ricevere quotidianamente attestazioni di stima dallo stesso Governo per ci\u00f2 che riguarda il lavoro che stiamo svolgendo sulla Sanit\u00e0, anche attraverso gli stessi tavoli di confronto con Roma, dove la Sardegna \u00e8 tornata a far sentire la propria voce dopo tanto tempo. Lo stesso ministro per l\u2019Innovazione tecnologica, Vittorio Colao, riferendosi ai livelli di digitalizzazione del nostro sistema, ha ricordato oggi che la Sardegna si colloca tra le Regioni pi\u00f9 avanzate\u201d.<\/p>\n\n\n\n<p>Sul lavoro svolto dall\u2019esecutivo l\u2019esponente della Giunta sottolinea: \u201cIn questi anni, ancora prima che si sentisse parlare di Pnrr, abbiamo approvato stanziamenti per centinaia di milioni di euro per l\u2019edilizia sanitaria e l\u2019ammodernamento tecnologico dei nostri ospedali e dei presidi territoriali, ma soprattutto abbiamo affrontato due anni di pandemia, una piaga senza precedenti che abbiamo combattuto efficacemente e che ha avuto priorit\u00e0 assoluta, non solo per la Sardegna, ma per tutta l\u2019Italia e l\u2019intero pianeta. Proprio nel corso dell\u2019emergenza abbiamo impegnato importanti risorse per assumere personale sanitario, arrivando a reclutare ogni medico in Sardegna che fosse anche solo in possesso della laurea e dell\u2019abilitazione. Stiamo ricostruendo una sanit\u00e0 che abbiamo trovato in ginocchio, tra mille difficolt\u00e0. In questo momento, cos\u00ec delicato per il nostro territorio, sarebbe pi\u00f9 auspicabile, da parte di chi siede ai banchi dell\u2019opposizione in Consiglio regionale, un atteggiamento pi\u00f9 costruttivo e responsabile, anzich\u00e9 attacchi confusi e accuse che non rendono giustizia al grande impegno che stiamo portando avanti per restituire ai sardi le cure e l\u2019assistenza migliori\u201d.&nbsp;Com<\/p>\n","protected":false},"excerpt":{"rendered":"<p>Sanit\u00e0, l\u2019assessore Nieddu: \u201cdall\u2019opposizione cortina fumogena e falsit\u00e0. Noi impegnati a scrivere il futuro dell\u2019assistenza e delle Curel\u201d. Cagliari, 7 Apr 2022&nbsp;\u2013 \u201cL\u2019opposizione in consiglio&#8230;<\/p>\n","protected":false},"author":2,"featured_media":209129,"comment_status":"closed","ping_status":"open","sticky":false,"template":"","format":"standard","meta":[],"categories":[49,52],"tags":[],"_links":{"self":[{"href":"https:\/\/www.cronacaonline.it\/index.php\/wp-json\/wp\/v2\/posts\/220038"}],"collection":[{"href":"https:\/\/www.cronacaonline.it\/index.php\/wp-json\/wp\/v2\/posts"}],"about":[{"href":"https:\/\/www.cronacaonline.it\/index.php\/wp-json\/wp\/v2\/types\/post"}],"author":[{"embeddable":true,"href":"https:\/\/www.cronacaonline.it\/index.php\/wp-json\/wp\/v2\/users\/2"}],"replies":[{"embeddable":true,"href":"https:\/\/www.cronacaonline.it\/index.php\/wp-json\/wp\/v2\/comments?post=220038"}],"version-history":[{"count":1,"href":"https:\/\/www.cronacaonline.it\/index.php\/wp-json\/wp\/v2\/posts\/220038\/revisions"}],"predecessor-version":[{"id":220039,"href":"https:\/\/www.cronacaonline.it\/index.php\/wp-json\/wp\/v2\/posts\/220038\/revisions\/220039"}],"wp:featuredmedia":[{"embeddable":true,"href":"https:\/\/www.cronacaonline.it\/index.php\/wp-json\/wp\/v2\/media\/209129"}],"wp:attachment":[{"href":"https:\/\/www.cronacaonline.it\/index.php\/wp-json\/wp\/v2\/media?parent=220038"}],"wp:term":[{"taxonomy":"category","embeddable":true,"href":"https:\/\/www.cronacaonline.it\/index.php\/wp-json\/wp\/v2\/categories?post=220038"},{"taxonomy":"post_tag","embeddable":true,"href":"https:\/\/www.cronacaonline.it\/index.php\/wp-json\/wp\/v2\/tags?post=220038"}],"curies":[{"name":"wp","href":"https:\/\/api.w.org\/{rel}","templated":true}]}}