{"id":220025,"date":"2022-04-07T17:51:59","date_gmt":"2022-04-07T15:51:59","guid":{"rendered":"https:\/\/www.cronacaonline.it\/?p=220025"},"modified":"2022-04-07T17:52:02","modified_gmt":"2022-04-07T15:52:02","slug":"sardegna-luogo-ideale-per-la-realizzazione-di-progetti-di-alta-tecnologia-confronto-a-villa-devoto-tra-il-presidente-della-sardegna-e-il-ministro-colao-lisola-si-candida-per-ospitare-inizia","status":"publish","type":"post","link":"https:\/\/www.cronacaonline.it\/index.php\/2022\/04\/07\/sardegna-luogo-ideale-per-la-realizzazione-di-progetti-di-alta-tecnologia-confronto-a-villa-devoto-tra-il-presidente-della-sardegna-e-il-ministro-colao-lisola-si-candida-per-ospitare-inizia\/","title":{"rendered":"Sardegna luogo ideale per la realizzazione di progetti di alta tecnologia. Confronto a Villa Devoto tra il presidente della Sardegna e il ministro Colao. L\u2019isola si candida per ospitare iniziative all\u2019avanguardia nel mondo."},"content":{"rendered":"\n<p>Cagliari, 7 Apr 2022 -\u00a0Nel momento attuale, caratterizzato da molte difficolt\u00e0 ma anche da importanti opportunit\u00e0, la Sardegna pu\u00f2 essere il luogo ideale per ospitare progetti di alta tecnologia, diventando area leader in Italia.<\/p>\n\n\n\n<p>\u00c8 stato ribadito nell\u2019incontro che si \u00e8 svolto a Villa Devoto tra il Presidente della Regione Solinas e il Ministro dell\u2019Innovazione tecnologica e la transizione digitale Vittorio Colao.<\/p>\n\n\n\n<p>Un\u2019isola a forte vocazione tecnologica, che procede a passi veloci verso la completa digitalizzazione degli uffici e degli archivi pubblici, e che ha gi\u00e0 ottenuto ottimi risultati nella digitalizzazione del sistema sanitario, come ha riconosciuto lo stresso Ministro, il quale ha indicato la Sardegna tra le Regioni di fascia medio-alta nella realizzazione della transizione.<\/p>\n\n\n\n<p>Puntiamo con tutte le nostre forze verso un futuro sempre pi\u00f9 improntato al green, all\u2019innovazione e all\u2019alta tecnologia, ha detto il Presidente Solinas, che ha illustrato al Ministro i progressi della candidatura della Sardegna ad ospitare l\u2019Einstein Telescope a Lula, e la riconversione dei pozzi minerari con la realizzazione dell\u2019impianto di distillazione del gas Argon.<\/p>\n\n\n\n<p>Sono fiori all\u2019occhiello, ha detto il Presidente, che non devono restare isolati. Puntiamo anzitutto al perfezionamento e all\u2019ampliamento della digitalizzazione degli uffici, includendo in questo progetto i Comuni, gli uffici del paesaggio, le Sovrintendenze, gli archivi, al fine di fornire ai cittadini servizi rapidi ed efficienti ed accelerare ogni tipo di pratica.<\/p>\n\n\n\n<p>La Sardegna, ha aggiunto il Presidente, si candida a ospitare un grande polo telematico al servizio degli utenti nazionali e internazionali.<\/p>\n\n\n\n<p>Possiamo anche garantire, ha aggiunto, le condizioni migliori per la realizzazione di un piano di ripristino di emergenza di utilit\u00e0 nazionale e di poli di raccolta di dati sensibili.<\/p>\n\n\n\n<p>La Sardegna ha davvero le carte in regola per diventare una regione all\u2019avanguardia nel processo di digitalizzazione, ha detto il Ministro Colao.<\/p>\n\n\n\n<p>Possiamo oggi disporre di varie forme di finanziamento, ad iniziare dal Pnrr, e da altre fonti create dal Governo, che ha stanziato 4 miliardi e mezzo per la realizzazione di nuovi progetti, premiando le Regioni pi\u00f9 virtuose nella individuazione di interventi innovativi.<\/p>\n\n\n\n<p>La Sardegna, ha aggiunto il Ministro, ha dimostrato di avere le carte in regola, ottenendo ottimi risultati nella digitalizzazione sanitaria, una delle grandi sfide che attendono le Regioni italiane. Com<\/p>\n","protected":false},"excerpt":{"rendered":"<p>Cagliari, 7 Apr 2022 &#8211;\u00a0Nel momento attuale, caratterizzato da molte difficolt\u00e0 ma anche da importanti opportunit\u00e0, la Sardegna pu\u00f2 essere il luogo ideale per ospitare&#8230;<\/p>\n","protected":false},"author":2,"featured_media":11707,"comment_status":"closed","ping_status":"open","sticky":false,"template":"","format":"standard","meta":[],"categories":[49,52],"tags":[],"_links":{"self":[{"href":"https:\/\/www.cronacaonline.it\/index.php\/wp-json\/wp\/v2\/posts\/220025"}],"collection":[{"href":"https:\/\/www.cronacaonline.it\/index.php\/wp-json\/wp\/v2\/posts"}],"about":[{"href":"https:\/\/www.cronacaonline.it\/index.php\/wp-json\/wp\/v2\/types\/post"}],"author":[{"embeddable":true,"href":"https:\/\/www.cronacaonline.it\/index.php\/wp-json\/wp\/v2\/users\/2"}],"replies":[{"embeddable":true,"href":"https:\/\/www.cronacaonline.it\/index.php\/wp-json\/wp\/v2\/comments?post=220025"}],"version-history":[{"count":1,"href":"https:\/\/www.cronacaonline.it\/index.php\/wp-json\/wp\/v2\/posts\/220025\/revisions"}],"predecessor-version":[{"id":220026,"href":"https:\/\/www.cronacaonline.it\/index.php\/wp-json\/wp\/v2\/posts\/220025\/revisions\/220026"}],"wp:featuredmedia":[{"embeddable":true,"href":"https:\/\/www.cronacaonline.it\/index.php\/wp-json\/wp\/v2\/media\/11707"}],"wp:attachment":[{"href":"https:\/\/www.cronacaonline.it\/index.php\/wp-json\/wp\/v2\/media?parent=220025"}],"wp:term":[{"taxonomy":"category","embeddable":true,"href":"https:\/\/www.cronacaonline.it\/index.php\/wp-json\/wp\/v2\/categories?post=220025"},{"taxonomy":"post_tag","embeddable":true,"href":"https:\/\/www.cronacaonline.it\/index.php\/wp-json\/wp\/v2\/tags?post=220025"}],"curies":[{"name":"wp","href":"https:\/\/api.w.org\/{rel}","templated":true}]}}