{"id":220019,"date":"2022-04-07T17:03:41","date_gmt":"2022-04-07T15:03:41","guid":{"rendered":"https:\/\/www.cronacaonline.it\/?p=220019"},"modified":"2022-04-07T17:03:44","modified_gmt":"2022-04-07T15:03:44","slug":"consiglio-sardegna-commissione-ambiente-audizioni-sui-danni-allavifauna-della-sardegna-provocati-da-impianti-elettrici-ed-eolici","status":"publish","type":"post","link":"https:\/\/www.cronacaonline.it\/index.php\/2022\/04\/07\/consiglio-sardegna-commissione-ambiente-audizioni-sui-danni-allavifauna-della-sardegna-provocati-da-impianti-elettrici-ed-eolici\/","title":{"rendered":"Consiglio Sardegna \u2013 Commissione Ambiente: audizioni sui danni all\u2019avifauna della Sardegna provocati da impianti elettrici ed eolici."},"content":{"rendered":"\n<p>Cagliari, 7 Apr 2022 \u2013 La commissione Ambiente, presieduta da Giuseppe Talanas (Forza Italia) ha tenuto un ciclo di audizioni sulla Proposta di legge n.268 (Maieli e pi\u00f9) in materia di \u201cTutela dell\u2019avifauna della Sardegna da fenomeni di elettrocuzione e collisione causati dalle linee elettriche e dagli impianti eolici\u201d.<\/p>\n\n\n\n<p>Per primi sono stati ascoltati i rappresentanti delle associazioni ambientaliste, naturaliste e della ricerca (Lipu-Francesco Guillot; Ispra-Elisabetta Raganella e Mario Paolomba: Italia Nostra-Fanny Cao; Universit\u00e0 di Sassari-Fiammetta Berlinguer) che, annunciando osservazioni di dettaglio e sottolineando il valore di un \u201cbene comune\u201d come la fauna, hanno espresso una valutazione positiva della legge, soprattutto per quanto riguarda la centralit\u00e0 del \u201ctavolo tecnico\u201d che dovr\u00e0 coordinare strategie e misure per combattere un fenomeno che (secondo i dati degli ultimi 20 anni raccolti dal Corpo Forestale) ha provocato la morte di 86 animali di 17 specie.<\/p>\n\n\n\n<p>Si tratta in prima battuta, hanno aggiunto gli esponenti dell\u2019associazionismo, di \u201cmettere in sicurezza\u201d gradualmente la rete elettrica regionale affrontando il problema anche in prospettiva per il prevedibile aumento di impianti eolici, utilizzando i molti studi gi\u00e0 disponibili per operare con una mappatura puntuale delle aree \u201ca rischio\u201d che consenta anche la corretta individuazione dei nuovi impianti dal punto di vista ambientale.<\/p>\n\n\n\n<p>Di legge condivisile ha parlato anche Terna (Nicoletta Rivabene-relazioni istituzionali), da tempo impegnata sia sulla mappatura del territorio che sulle modifiche dei tralicci, anche se gli impianti ad alta tensione hanno un impatto negativo molto limitato sull\u2019avifauna. Nel settore dell\u2019eolico, dove Terna \u00e8 presente in un mercato molto ampio, sono stati effettuati studi sulle possibili aree a rischio con valutazioni comparative \u201cprima e dopo\u201d le installazione degli impianti.<\/p>\n\n\n\n<p>Diversa la situazione di Enel (Andrea Savona-relazioni istituzionali, e Fabrizio Milia), che controlla la quasi totalit\u00e0 della rete sarda a bassa tensione, estesa per 18.000 Km di cui 12.000 in aree potenzialmente a rischio. Da 5 anni a questa parte, ha precisato l\u2019Enel, i nostri impianti sono progettati e realizzati per ridurre al minimo la possibilit\u00e0 di danni all\u2019avifauna \u201cisolando\u201d i cavi mentre, per quelli pi\u00f9 vecchi, interveniamo su segnalazione di altri organismi (con Ispra ed Universit\u00e0 \u00e8 in corso un progetto per isolare altri 250 cavi) e siamo comunque disposti a partecipare ad ogni altra iniziativa in questa direzione. Recentemente, l\u2019Enel \u00e8 intervenuta nel parco di Tepilora e, in particolare, in quello dell\u2019Asinara dove tutti i cavi sono stati interrati con un investimento pluriennale di 3 milioni che si concluder\u00e0 l\u2019anno prossimo e far\u00e0 dell\u2019isola sede del parco nazionale un\u2019area totalmente \u201cgreen\u201d.<\/p>\n\n\n\n<p>Molto significativo anche contributo di Forestas (Maurizio Malloci-direttore generale e Dionigi Secci) che, con una intensa attivit\u00e0 di raccolta e monitoraggio dei dati, ha contribuito a far emergere il fenomeno che, almeno nel 10% dei casi analizzati, \u00e8 collegato anche all\u2019avvio ed alla propagazione degli incendi. Andando verso una nuova legge, hanno sottolineato i responsabili dell\u2019Agenzia, sarebbe opportuno intervenire sulla vecchia legge regionale in materia di elettrodotti, che \u00e8 dell\u201989, abrogandone alcune parti e modificandone altre, con riferimento in primo luogo alle procedure di autorizzazione.<\/p>\n\n\n\n<p>Nel dibattito hanno preso la parola i consiglieri regionali Piero Maieli (Psd\u2019Az), Francesco Mura (Fdi), Maria Laura Orr\u00f9 (Progressisti) e Roberto Li Gioi (M5S). Com<\/p>\n","protected":false},"excerpt":{"rendered":"<p>Cagliari, 7 Apr 2022 \u2013 La commissione Ambiente, presieduta da Giuseppe Talanas (Forza Italia) ha tenuto un ciclo di audizioni sulla Proposta di legge n.268&#8230;<\/p>\n","protected":false},"author":2,"featured_media":192513,"comment_status":"closed","ping_status":"open","sticky":false,"template":"","format":"standard","meta":[],"categories":[49,52],"tags":[],"_links":{"self":[{"href":"https:\/\/www.cronacaonline.it\/index.php\/wp-json\/wp\/v2\/posts\/220019"}],"collection":[{"href":"https:\/\/www.cronacaonline.it\/index.php\/wp-json\/wp\/v2\/posts"}],"about":[{"href":"https:\/\/www.cronacaonline.it\/index.php\/wp-json\/wp\/v2\/types\/post"}],"author":[{"embeddable":true,"href":"https:\/\/www.cronacaonline.it\/index.php\/wp-json\/wp\/v2\/users\/2"}],"replies":[{"embeddable":true,"href":"https:\/\/www.cronacaonline.it\/index.php\/wp-json\/wp\/v2\/comments?post=220019"}],"version-history":[{"count":1,"href":"https:\/\/www.cronacaonline.it\/index.php\/wp-json\/wp\/v2\/posts\/220019\/revisions"}],"predecessor-version":[{"id":220020,"href":"https:\/\/www.cronacaonline.it\/index.php\/wp-json\/wp\/v2\/posts\/220019\/revisions\/220020"}],"wp:featuredmedia":[{"embeddable":true,"href":"https:\/\/www.cronacaonline.it\/index.php\/wp-json\/wp\/v2\/media\/192513"}],"wp:attachment":[{"href":"https:\/\/www.cronacaonline.it\/index.php\/wp-json\/wp\/v2\/media?parent=220019"}],"wp:term":[{"taxonomy":"category","embeddable":true,"href":"https:\/\/www.cronacaonline.it\/index.php\/wp-json\/wp\/v2\/categories?post=220019"},{"taxonomy":"post_tag","embeddable":true,"href":"https:\/\/www.cronacaonline.it\/index.php\/wp-json\/wp\/v2\/tags?post=220019"}],"curies":[{"name":"wp","href":"https:\/\/api.w.org\/{rel}","templated":true}]}}