{"id":220009,"date":"2022-04-07T14:34:14","date_gmt":"2022-04-07T12:34:14","guid":{"rendered":"https:\/\/www.cronacaonline.it\/?p=220009"},"modified":"2022-04-07T14:34:17","modified_gmt":"2022-04-07T12:34:17","slug":"220009","status":"publish","type":"post","link":"https:\/\/www.cronacaonline.it\/index.php\/2022\/04\/07\/220009\/","title":{"rendered":"(title)"},"content":{"rendered":"\n<p>Il presidente solinas al congresso delle fondazioni bancarie: \u201ctutelare le diversit\u00e0 per creare condizioni di giustizia e uguaglianza e pari opportunit\u00e0\u201d.<\/p>\n\n\n\n<p>Cagliari, 7 Apr 2022 \u2013&nbsp;Diversit\u00e0 e politiche di coesione territoriale e poi, partendo proprio dalle diversit\u00e0 intese come valore aggiunto, pari opportunit\u00e0, con focus specifico sui trasporti. Sono gli spunti di riflessione offerti dal Presidente della Regione Christian Solinas nel corso del XXV Congresso Nazionale delle Fondazioni di origine bancaria e delle Casse di Risparmio. \u00c8 proprio riprendendo il titolo dell\u2019iniziativa, \u201cSulle strade dell\u2019Uguaglianza\u201d, che il Presidente Solinas ha evidenziato come il bisogno di uguaglianza sia un interesse concreto delle societ\u00e0 avanzate di tutto il consesso civile, ma facendo direttamente riferimento alle specificit\u00e0 della Sardegna ha posto l\u2019accento anche sul significato della diversit\u00e0, intesa come valore e non come limite negativo. \u201cLa Sardegna \u00e8 oggettivamente diversa dal resto della penisola italiana e dalla terraferma continentale per geografia, storia, cultura lingua, tradizioni. Ma questa diversit\u00e0, cos\u00ec come le tante altre diversit\u00e0 presenti tra regioni, territori e citt\u00e0, non \u00e8 un disvalore ma rappresenta la pi\u00f9 grande ricchezza del Paese. Le diversit\u00e0 \u2013 ha proseguito il Presidente - impongono il confronto e educano al dialogo, attraggono il bisogno di scoprire e di conoscere ci\u00f2 che non \u00e8 come noi. La questione \u00e8 come coniugare la diversit\u00e0 all'uguaglianza. Le istituzioni, in primo luogo, sono tenute ad offrire a ciascuna diversit\u00e0 un percorso che la conduca ad affermare l'uguaglianza sostanziale, che significa avere pari opportunit\u00e0 di accesso ai servizi, pari opportunit\u00e0 di formazione personale e di affermazione dei propri talenti\u201d.<\/p>\n\n\n\n<p>\u201cNoi sardi, per aver affermato il principio di uguaglianza, abbiamo bisogno di strumenti legislativi amministrativi differenziati. Entrano in gioco questioni ataviche sulla continuit\u00e0 territoriale, che oggi andrebbe liberata dal mero concetto di diritto sociale degli isolani isolati a raggiungere la terraferma per abbracciare un pi\u00f9 ampio e moderno perimetro di coesione territoriale\u201d, ha evidenziato il Presidente mettendo in stretta relazione il diritto all'accessibilit\u00e0 con la necessit\u00e0 di garantire pari possibilit\u00e0 di sviluppo del sistema economico produttivo sardo. Due temi strettamente legati tra loro, emblema dell\u2019impegno istituzionale della Regione a favore della specificit\u00e0 territoriale insulare \u2013 che guardando alle Isole del Mediterraneo riguardano oltre 20 milioni di abitanti - nelle politiche europee. Esistono per\u00f2, ha proseguito il Presidente Solinas \u201cancora numerose resistenze, anche e soprattutto, direi, in sede di Unione Europea, con riferimento, ad esempio, alla tariffa dei trasporti. Noi sosteniamo da sempre con forza che la tariffa aerea o marittima debba essere uguale per tutti perch\u00e9 non esiste un'autostrada in Europa, nel mondo dove i pedaggi siano differenziati tra chi sale e chi scende: \u00e8 come se il biglietto del treno da Roma a Milano avesse un costo diverso in ragione della residenza in una o nell'altra delle due citt\u00e0. Cos\u00ec invece si pretende che sia per la Sardegna: i non residenti pagano tariffe spesso spropositate, pi\u00f9 elevate, perch\u00e9 il libero mercato non \u00e8 in grado di trovare un punto di equilibrio virtuoso e accessibile tra domanda e offerta. Questo \u2013 ha concluso il Presidente - determina un'evidente discriminazione, una disuguaglianza di opportunit\u00e0 territoriali\u201d.<\/p>\n\n\n\n<p>In conclusione del suo intervento il Presidente Solinas ha fatto riferimento al ruolo delle fondazioni di origine bancaria e delle casse di risparmio. \u201cViviamo un tempo di rapide, profonde trasformazioni epocali. L'introduzione del principio di sussidiariet\u00e0 orizzontale nel nostro ordinamento ha sancito formalmente la rilevanza del contributo che gli attori privati del terzo settore offrono nell'affermazione delle finalit\u00e0 sociali della Repubblica \u2013 ha detto -&nbsp;&nbsp;Un contributo che \u00e8 andato in crescendo negli anni sia in virt\u00f9 della grande generosit\u00e0 dei tanti che s'impegnano in questo senso e sia, purtroppo, per la contrazione progressiva della presenza pubblica su alcuni fronti. Personalmente \u2013 ha concluso Solinas - ritengo che sia necessario un corretto equilibrio tra ci\u00f2 che le istituzioni devono comunque garantire e il supporto che il mondo generoso del Terzo settore delle fondazioni, delle Casse di risparmio quotidianamente offre\u201d. Com<\/p>\n","protected":false},"excerpt":{"rendered":"<p>Il presidente solinas al congresso delle fondazioni bancarie: \u201ctutelare le diversit\u00e0 per creare condizioni di giustizia e uguaglianza e pari opportunit\u00e0\u201d. Cagliari, 7 Apr 2022&#8230;<\/p>\n","protected":false},"author":2,"featured_media":203025,"comment_status":"closed","ping_status":"open","sticky":false,"template":"","format":"standard","meta":[],"categories":[49,52],"tags":[],"_links":{"self":[{"href":"https:\/\/www.cronacaonline.it\/index.php\/wp-json\/wp\/v2\/posts\/220009"}],"collection":[{"href":"https:\/\/www.cronacaonline.it\/index.php\/wp-json\/wp\/v2\/posts"}],"about":[{"href":"https:\/\/www.cronacaonline.it\/index.php\/wp-json\/wp\/v2\/types\/post"}],"author":[{"embeddable":true,"href":"https:\/\/www.cronacaonline.it\/index.php\/wp-json\/wp\/v2\/users\/2"}],"replies":[{"embeddable":true,"href":"https:\/\/www.cronacaonline.it\/index.php\/wp-json\/wp\/v2\/comments?post=220009"}],"version-history":[{"count":1,"href":"https:\/\/www.cronacaonline.it\/index.php\/wp-json\/wp\/v2\/posts\/220009\/revisions"}],"predecessor-version":[{"id":220010,"href":"https:\/\/www.cronacaonline.it\/index.php\/wp-json\/wp\/v2\/posts\/220009\/revisions\/220010"}],"wp:featuredmedia":[{"embeddable":true,"href":"https:\/\/www.cronacaonline.it\/index.php\/wp-json\/wp\/v2\/media\/203025"}],"wp:attachment":[{"href":"https:\/\/www.cronacaonline.it\/index.php\/wp-json\/wp\/v2\/media?parent=220009"}],"wp:term":[{"taxonomy":"category","embeddable":true,"href":"https:\/\/www.cronacaonline.it\/index.php\/wp-json\/wp\/v2\/categories?post=220009"},{"taxonomy":"post_tag","embeddable":true,"href":"https:\/\/www.cronacaonline.it\/index.php\/wp-json\/wp\/v2\/tags?post=220009"}],"curies":[{"name":"wp","href":"https:\/\/api.w.org\/{rel}","templated":true}]}}