{"id":219960,"date":"2022-04-06T13:05:21","date_gmt":"2022-04-06T11:05:21","guid":{"rendered":"https:\/\/www.cronacaonline.it\/?p=219960"},"modified":"2022-04-06T13:05:24","modified_gmt":"2022-04-06T11:05:24","slug":"aerei-assessori-todde-e-chessa-pronti-per-una-buona-stagione-estiva-grazie-a-un-sistema-di-trasporti-che-funziona","status":"publish","type":"post","link":"https:\/\/www.cronacaonline.it\/index.php\/2022\/04\/06\/aerei-assessori-todde-e-chessa-pronti-per-una-buona-stagione-estiva-grazie-a-un-sistema-di-trasporti-che-funziona\/","title":{"rendered":"Aerei, assessori Todde e Chessa: \u201cpronti per una buona stagione estiva grazie a un sistema di trasporti che funziona\u201d."},"content":{"rendered":"\n<p>Cagliari, 6 Apr 2022 \u2013\u00a0\u201cI due importanti vettori che hanno scelto di volare da e per la Sardegna 12 mesi senza compensazioni, Ita e Volotea, ieri hanno raggiunto l\u2019accordo per la suddivisione delle rotte al 50% da e per la Sardegna sugli scali di Cagliari e Olbia (su Alghero operer\u00e0 solo Ita) e questa notizia, dopo il successo ottenuto sul fronte della continuit\u00e0 territoriale aerea, \u00e8 la testimonianza dell\u2019appetibilit\u00e0 del mercato sardo. Un segnale importante che ci proietta positivamente verso la stagione estiva\u201d.<\/p>\n\n\n\n<p>Lo ha detto l\u2019Assessore dei Trasporti, Giorgio Todde, nel corso della cerimonia di festeggiamento, a Cagliari, dei 10 anni di attivit\u00e0 di Volotea in Italia, evidenziando l\u2019impegno e la collaborazione, \u201cattivi e fattivi della Regione per gestire le criticit\u00e0 e trovare le soluzioni, garantendo sempre la collaborazione massima\u201d.<\/p>\n\n\n\n<p>Alla presentazione delle nuove rotte della compagnia e delle iniziative attivate in occasione del decennale a cui ha partecipato il Ceo di Volotea, Carlos Mu\u00f1os, ha preso parte anche l\u2019Assessore del Turismo, Gianni Chessa: \u201cSiamo qui anche per dire che finalmente si riparte. Il turismo e l\u2019economia della Sardegna in genere hanno bisogno di trasporti efficaci, capaci di garantire qualit\u00e0, puntualit\u00e0, nuovi servizi, economicit\u00e0. Si riparte, tra i due vettori, con tante nuove destinazioni che aiutano il sistema del comparto turistico a tirare un sospiro di sollievo. L\u2019obiettivo di destagionalizzare, grazie ai trasporti, \u00e8 una sfida che possiamo vincere\u201d, ha concluso l\u2019Assessore dei Turismo.&nbsp;Com<\/p>\n","protected":false},"excerpt":{"rendered":"<p>Cagliari, 6 Apr 2022 \u2013\u00a0\u201cI due importanti vettori che hanno scelto di volare da e per la Sardegna 12 mesi senza compensazioni, Ita e Volotea,&#8230;<\/p>\n","protected":false},"author":2,"featured_media":219961,"comment_status":"closed","ping_status":"open","sticky":false,"template":"","format":"standard","meta":[],"categories":[49,52],"tags":[],"_links":{"self":[{"href":"https:\/\/www.cronacaonline.it\/index.php\/wp-json\/wp\/v2\/posts\/219960"}],"collection":[{"href":"https:\/\/www.cronacaonline.it\/index.php\/wp-json\/wp\/v2\/posts"}],"about":[{"href":"https:\/\/www.cronacaonline.it\/index.php\/wp-json\/wp\/v2\/types\/post"}],"author":[{"embeddable":true,"href":"https:\/\/www.cronacaonline.it\/index.php\/wp-json\/wp\/v2\/users\/2"}],"replies":[{"embeddable":true,"href":"https:\/\/www.cronacaonline.it\/index.php\/wp-json\/wp\/v2\/comments?post=219960"}],"version-history":[{"count":1,"href":"https:\/\/www.cronacaonline.it\/index.php\/wp-json\/wp\/v2\/posts\/219960\/revisions"}],"predecessor-version":[{"id":219962,"href":"https:\/\/www.cronacaonline.it\/index.php\/wp-json\/wp\/v2\/posts\/219960\/revisions\/219962"}],"wp:featuredmedia":[{"embeddable":true,"href":"https:\/\/www.cronacaonline.it\/index.php\/wp-json\/wp\/v2\/media\/219961"}],"wp:attachment":[{"href":"https:\/\/www.cronacaonline.it\/index.php\/wp-json\/wp\/v2\/media?parent=219960"}],"wp:term":[{"taxonomy":"category","embeddable":true,"href":"https:\/\/www.cronacaonline.it\/index.php\/wp-json\/wp\/v2\/categories?post=219960"},{"taxonomy":"post_tag","embeddable":true,"href":"https:\/\/www.cronacaonline.it\/index.php\/wp-json\/wp\/v2\/tags?post=219960"}],"curies":[{"name":"wp","href":"https:\/\/api.w.org\/{rel}","templated":true}]}}