{"id":219823,"date":"2022-04-02T17:53:28","date_gmt":"2022-04-02T15:53:28","guid":{"rendered":"https:\/\/www.cronacaonline.it\/?p=219823"},"modified":"2022-04-02T17:53:31","modified_gmt":"2022-04-02T15:53:31","slug":"decreto-energia-assessore-pili-il-presidente-solinas-ha-ragione-il-decreto-non-rispetta-la-nostra-autonomia-introduce-unintollerabile-disparita-e-non-risponde-alle-esigenze-della","status":"publish","type":"post","link":"https:\/\/www.cronacaonline.it\/index.php\/2022\/04\/02\/decreto-energia-assessore-pili-il-presidente-solinas-ha-ragione-il-decreto-non-rispetta-la-nostra-autonomia-introduce-unintollerabile-disparita-e-non-risponde-alle-esigenze-della\/","title":{"rendered":"Decreto energia, assessore Pili: \u2018il presidente Solinas ha ragione, il decreto non rispetta la nostra autonomia, introduce un\u2019intollerabile disparit\u00e0 e non risponde alle esigenze della Sardegna\u2019."},"content":{"rendered":"\n<p>Cagliari, 2 Apr 2022\u00a0\u2013\u00a0\"La configurazione energetica prevista nel Decreto, come bene evidenziato dal presidente della Regione Sardegna nel suo intervento sulla stampa, non rispetta la nostra autonomia, introduce un\u2019intollerabile disparit\u00e0 e non risponde alle esigenze della Sardegna\". \u00c8 il commento dell'assessore regionale dell'Industria, Anita Pili, al contenuto del documento sul sistema energetico sardo, firmato nei giorni scorsi\u00a0dal presidente del Consiglio, Mario Draghi.<\/p>\n\n\n\n<p>\"Lo evidenzia soprattutto la suddivisione a due velocit\u00e0 riservata ai Comuni - ha aggiunto l'assessore Pili - Infatti, si preclude, senza una motivazione, la possibilit\u00e0 a oltre 500.000 sardi di beneficiare del gnl e delle tariffe perequate. Non si capisce perch\u00e9, nel momento in cui il Governo nazionale chiede all\u2019Europa di applicare una perequazione del costo del gas per i cittadini italiani, alla Sardegna sia riservato un trattamento diverso, prevedendo il calmiere solamente per i cantieri conclusi e in fase di ultimazione.&nbsp;Come Regione Sardegna, e il Presidente lo ha ricordato pi\u00f9 volte, abbiamo ripetutamente rivendicato l'opportunit\u00e0 di discutere il Decreto nelle sedi competenti. Solitamente i decreti, anche riguardanti singole Regioni, vengono discussi nella Conferenza Stato-Regioni, in seguito si acquisisce l\u2019intesa. Nel caso della Sardegna non \u00e8 avvenuto cos\u00ec. Confidiamo nell\u2019apertura di un confronto politico che rimetta le priorit\u00e0 e i diritti dei sardi al centro del dibattito e delle azioni governative nazionali\".<\/p>\n\n\n\n<p>\"Inoltre, l'opposizione potrebbe rinunciare agli ipotetici vantaggi della polemica politica, soprattutto quando si dovrebbe lavorare uniti per il bene della Sardegna. In particolare, andrebbe ricordato che la Giunta regionale ha agito in perfetta continuit\u00e0 con la visione dell\u2019accordo siglato tra Renzi e Pigliaru, che, proprio per la sua debolezza formale, ha lasciato spazio alle novit\u00e0 penalizzanti per l'Isola, essendo carente nei contenuti in tema di energie rinnovabili e incapace di raggiungere gli obiettivi di decarbonizzazione.&nbsp;Se la Sardegna sar\u00e0 capace di difendere le sue ragioni dipender\u00e0 anche dal lavoro svolto da questa Giunta e dal ruolo che ha esercitato nella Conferenza delle Regioni. Affinch\u00e9 l\u2019interesse comune dei sardi prevalga sarebbe certamente utile anche l\u2019apporto dei colleghi di opposizione che sostengono il Governo Draghi, per esempio nel difendere le ragioni della Sardegna in materia di 'energy release', approvata in Conferenza delle Regioni e molto apprezzata sia in ambito accademico che industriale\u201d,&nbsp;ha concluso l'esponente della Giunta Sarda.&nbsp;Com<\/p>\n","protected":false},"excerpt":{"rendered":"<p>Cagliari, 2 Apr 2022\u00a0\u2013\u00a0&#8220;La configurazione energetica prevista nel Decreto, come bene evidenziato dal presidente della Regione Sardegna nel suo intervento sulla stampa, non rispetta la&#8230;<\/p>\n","protected":false},"author":2,"featured_media":218871,"comment_status":"closed","ping_status":"open","sticky":false,"template":"","format":"standard","meta":[],"categories":[49,52],"tags":[],"_links":{"self":[{"href":"https:\/\/www.cronacaonline.it\/index.php\/wp-json\/wp\/v2\/posts\/219823"}],"collection":[{"href":"https:\/\/www.cronacaonline.it\/index.php\/wp-json\/wp\/v2\/posts"}],"about":[{"href":"https:\/\/www.cronacaonline.it\/index.php\/wp-json\/wp\/v2\/types\/post"}],"author":[{"embeddable":true,"href":"https:\/\/www.cronacaonline.it\/index.php\/wp-json\/wp\/v2\/users\/2"}],"replies":[{"embeddable":true,"href":"https:\/\/www.cronacaonline.it\/index.php\/wp-json\/wp\/v2\/comments?post=219823"}],"version-history":[{"count":1,"href":"https:\/\/www.cronacaonline.it\/index.php\/wp-json\/wp\/v2\/posts\/219823\/revisions"}],"predecessor-version":[{"id":219824,"href":"https:\/\/www.cronacaonline.it\/index.php\/wp-json\/wp\/v2\/posts\/219823\/revisions\/219824"}],"wp:featuredmedia":[{"embeddable":true,"href":"https:\/\/www.cronacaonline.it\/index.php\/wp-json\/wp\/v2\/media\/218871"}],"wp:attachment":[{"href":"https:\/\/www.cronacaonline.it\/index.php\/wp-json\/wp\/v2\/media?parent=219823"}],"wp:term":[{"taxonomy":"category","embeddable":true,"href":"https:\/\/www.cronacaonline.it\/index.php\/wp-json\/wp\/v2\/categories?post=219823"},{"taxonomy":"post_tag","embeddable":true,"href":"https:\/\/www.cronacaonline.it\/index.php\/wp-json\/wp\/v2\/tags?post=219823"}],"curies":[{"name":"wp","href":"https:\/\/api.w.org\/{rel}","templated":true}]}}