{"id":219785,"date":"2022-04-01T15:47:35","date_gmt":"2022-04-01T13:47:35","guid":{"rendered":"https:\/\/www.cronacaonline.it\/?p=219785"},"modified":"2022-04-01T15:47:37","modified_gmt":"2022-04-01T13:47:37","slug":"luras-assessore-lampis-in-visita-al-sito-naturalistico-olivastri-millenari-limpegno-della-regione-per-tutelare-e-valorizzare-il-paesaggio-e-lambiente","status":"publish","type":"post","link":"https:\/\/www.cronacaonline.it\/index.php\/2022\/04\/01\/luras-assessore-lampis-in-visita-al-sito-naturalistico-olivastri-millenari-limpegno-della-regione-per-tutelare-e-valorizzare-il-paesaggio-e-lambiente\/","title":{"rendered":"Luras, assessore Lampis in visita al sito naturalistico &#8216;olivastri millenari&#8217;: &#8216;l&#8217;impegno della regione per tutelare e valorizzare il paesaggio e l&#8217;ambiente&#8217;."},"content":{"rendered":"\n<p>Luras, 1 Apr 2022 \u2013\u00a0\"La Regione \u00e8 convintamente impegnata nella tutela del paesaggio e dell'ambiente isolano e punta allo sviluppo e al rafforzamento della 'Rete ecologica regionale', costituita dal sistema dei parchi e delle aree marine protette e dai siti 'Rete Natura 2000', che contribuisce a valorizzare la biodiversit\u00e0, fattore decisivo anche per il contrasto e l'adattamento ai cambiamenti climatici\". Lo ha detto l'assessore regionale della Difesa dell'ambiente, Gianni Lampis, durante la visita al sito naturalistico \"Olivastri millenari\u201d di Santu Baltolu a Luras, insieme al sindaco Mauro Azzena. All'interno del sito si trova l'ulivo conosciuto come il \"Patriarca della natura\u201d, che \u00e8 stato dichiarato, nel 2013 con decreto regionale, monumento naturale e rientra nella lista dei venti alberi secolari italiani da tutelare. L'ulivo di Luras, magnifico esemplare di circa 4000 anni e di enormi dimensioni (quasi 14 metri di altezza e circa 19 metri di circonferenza del tronco alla base), \u00e8 l'albero pi\u00f9 vecchio d'Italia e tra i pi\u00f9 vecchi d'Europa.<\/p>\n\n\n\n<figure class=\"wp-block-image size-full is-resized\"><img loading=\"lazy\" src=\"https:\/\/www.cronacaonline.it\/wp-content\/uploads\/2022\/04\/ass-lampis-luras-2.jpeg\" alt=\"\" class=\"wp-image-219786\" width=\"732\" height=\"488\" srcset=\"https:\/\/www.cronacaonline.it\/wp-content\/uploads\/2022\/04\/ass-lampis-luras-2.jpeg 600w, https:\/\/www.cronacaonline.it\/wp-content\/uploads\/2022\/04\/ass-lampis-luras-2-300x200.jpeg 300w\" sizes=\"(max-width: 732px) 100vw, 732px\" \/><\/figure>\n\n\n\n<p>\"Un monumento naturale che si affaccia sulle sponde del lago Liscia, insieme ad altri ulivi selvatici molto antichi - ha aggiunto l'assessore Lampis - Un presidio identitario che rappresenta un'occasione di attrazione turistica per l'intero territorio. Perci\u00f2, la Giunta regionale, convinta che l'Olivastro millenario sia un bene di pregio della Sardegna, ha deciso di stanziare 150mila euro a favore del Comune di Luras per la tutela e la valorizzazione dell'intero sito che lo ospita. Un finanziamento che consentir\u00e0 di completare le azioni di valorizzazione, tra queste, oltre gli interventi agronomici, la messa in sicurezza con la ricostruzione dei muretti a secco, le opere forestali di prevenzione contro gli incendi e la pavimentazione della strada d'accesso. Gli ulivi secolari possono diventare i protagonisti di un segmento di turismo, quello naturalistico e culturale, che pu\u00f2 affiancare e completare l'offerta turistica della Sardegna, grazie anche al coinvolgimento delle Amministrazioni comunali di un territorio che non \u00e8 solamente una splendida meta per il turismo balneare. Questi alberi devono essere tutelati e rispettati perch\u00e9 rappresentano una Sardegna meno nota ma assolutamente straordinaria, da far conoscere con una promozione mirata per gli appassionati del turismo lento e sostenibile. Inoltre, la Regione valuter\u00e0 la possibilit\u00e0 di chiedere per l'olivastro millenario il riconoscimento come patrimonio dell'Unesco\".<\/p>\n\n\n\n<p>\"Con le stesse finalit\u00e0 di tutela e salvaguardia, in totale abbiamo stanziato 1 milione 210mila euro, che consentir\u00e0 la copertura finanziaria degli interventi anche in altre aree di interesse naturalistico: Parco regionale di Tepilora, Roverella di Illorai, Muru Cubeddu a Nuraci, Texile ad Aritzo, Grotta San Giovanni a Domusnovas, Su Stampu de Su Turrunu a Seulo e Sadali, Scala di San Giorgio di Osini, crateri vulcanici del Mejlogu a Giave, Castagno di Bortigiadas, Sa Roda manna a Scano Montiferro. L'ambiente in Sardegna \u00e8 un ricco patrimonio da tutelare perch\u00e9 rappresenta una vera opportunit\u00e0 di sviluppo economico e occupazionale\", ha concluso l'esponente della Giunta Solinas. Com<\/p>\n","protected":false},"excerpt":{"rendered":"<p>Luras, 1 Apr 2022 \u2013\u00a0&#8220;La Regione \u00e8 convintamente impegnata nella tutela del paesaggio e dell&#8217;ambiente isolano e punta allo sviluppo e al rafforzamento della &#8216;Rete&#8230;<\/p>\n","protected":false},"author":2,"featured_media":219787,"comment_status":"closed","ping_status":"open","sticky":false,"template":"","format":"standard","meta":[],"categories":[49,52],"tags":[],"_links":{"self":[{"href":"https:\/\/www.cronacaonline.it\/index.php\/wp-json\/wp\/v2\/posts\/219785"}],"collection":[{"href":"https:\/\/www.cronacaonline.it\/index.php\/wp-json\/wp\/v2\/posts"}],"about":[{"href":"https:\/\/www.cronacaonline.it\/index.php\/wp-json\/wp\/v2\/types\/post"}],"author":[{"embeddable":true,"href":"https:\/\/www.cronacaonline.it\/index.php\/wp-json\/wp\/v2\/users\/2"}],"replies":[{"embeddable":true,"href":"https:\/\/www.cronacaonline.it\/index.php\/wp-json\/wp\/v2\/comments?post=219785"}],"version-history":[{"count":1,"href":"https:\/\/www.cronacaonline.it\/index.php\/wp-json\/wp\/v2\/posts\/219785\/revisions"}],"predecessor-version":[{"id":219788,"href":"https:\/\/www.cronacaonline.it\/index.php\/wp-json\/wp\/v2\/posts\/219785\/revisions\/219788"}],"wp:featuredmedia":[{"embeddable":true,"href":"https:\/\/www.cronacaonline.it\/index.php\/wp-json\/wp\/v2\/media\/219787"}],"wp:attachment":[{"href":"https:\/\/www.cronacaonline.it\/index.php\/wp-json\/wp\/v2\/media?parent=219785"}],"wp:term":[{"taxonomy":"category","embeddable":true,"href":"https:\/\/www.cronacaonline.it\/index.php\/wp-json\/wp\/v2\/categories?post=219785"},{"taxonomy":"post_tag","embeddable":true,"href":"https:\/\/www.cronacaonline.it\/index.php\/wp-json\/wp\/v2\/tags?post=219785"}],"curies":[{"name":"wp","href":"https:\/\/api.w.org\/{rel}","templated":true}]}}