{"id":219771,"date":"2022-04-01T11:42:50","date_gmt":"2022-04-01T09:42:50","guid":{"rendered":"https:\/\/www.cronacaonline.it\/?p=219771"},"modified":"2022-04-01T11:42:53","modified_gmt":"2022-04-01T09:42:53","slug":"agricoltura-assessore-murgia-istituito-il-tavolo-tecnico-consultivo-per-la-filiera-della-canapa-industriale","status":"publish","type":"post","link":"https:\/\/www.cronacaonline.it\/index.php\/2022\/04\/01\/agricoltura-assessore-murgia-istituito-il-tavolo-tecnico-consultivo-per-la-filiera-della-canapa-industriale\/","title":{"rendered":"Agricoltura, assessore Murgia: istituito il tavolo tecnico consultivo per la filiera della canapa industriale."},"content":{"rendered":"\n<p>Cagliari, 1 aprile 2022 -\u00a0\u00c8 stato istituito il Tavolo tecnico consultivo regionale per il sostegno e la promozione della coltivazione e della filiera della cannabis sativa e della canapa industriale. Lo prevede un decreto firmato dall\u2019assessore regionale dell\u2019Agricoltura, Gabriella Murgia.<\/p>\n\n\n\n<p>\u201cQuesto nuovo organismo \u2013 spiega l\u2019esponente della Giunta Sarda \u2013 contribuir\u00e0 a mettere ordine a un comparto in crescita e con grandi potenzialit\u00e0 di sviluppo che aveva bisogno di regole certe. La produzione della canapa legale nei nostri territori, la sua trasformazione e la sua commercializzazione all\u2019interno della pi\u00f9 ampia filiera agroalimentare e agroindustriale, avranno anche effetti benefici per un\u2019azione di contrasto al dissesto idrogeologico e per la bonifica dei terreni, oltre che grazie all\u2019impiego nella bioedilizia e nella bioenergia\u201d.<\/p>\n\n\n\n<p>Il Tavolo tecnico consultivo, presieduto dall\u2019assessore dell\u2019Agricoltura o da un suo delegato, \u00e8 composto da rappresentanti di Laore, Agris, Sardegna Ricerche, Universit\u00e0 degli Studi di Sassari, Universit\u00e0 degli Studi di Cagliari, un rappresentante del Tavolo tecnico nazionale MIPAAF e da uno del N.I.P.A.A.F - Nucleo Carabinieri Forestali Regione Sardegna, un rappresentante della Procura della Repubblica di Cagliari, un rappresentante dell'assessorato regionale della Difesa dell'ambiente e uno dell\u2019assessorato regionale della Sanit\u00e0, un rappresentante per ciascuna organizzazione professionale di categoria e uno per Associazione di settore. La partecipazione alle riunioni del Tavolo tecnico consultivo \u00e8 a titolo gratuito.&nbsp;Com<\/p>\n","protected":false},"excerpt":{"rendered":"<p>Cagliari, 1 aprile 2022 &#8211;\u00a0\u00c8 stato istituito il Tavolo tecnico consultivo regionale per il sostegno e la promozione della coltivazione e della filiera della cannabis&#8230;<\/p>\n","protected":false},"author":2,"featured_media":217016,"comment_status":"closed","ping_status":"open","sticky":false,"template":"","format":"standard","meta":[],"categories":[49,52],"tags":[],"_links":{"self":[{"href":"https:\/\/www.cronacaonline.it\/index.php\/wp-json\/wp\/v2\/posts\/219771"}],"collection":[{"href":"https:\/\/www.cronacaonline.it\/index.php\/wp-json\/wp\/v2\/posts"}],"about":[{"href":"https:\/\/www.cronacaonline.it\/index.php\/wp-json\/wp\/v2\/types\/post"}],"author":[{"embeddable":true,"href":"https:\/\/www.cronacaonline.it\/index.php\/wp-json\/wp\/v2\/users\/2"}],"replies":[{"embeddable":true,"href":"https:\/\/www.cronacaonline.it\/index.php\/wp-json\/wp\/v2\/comments?post=219771"}],"version-history":[{"count":1,"href":"https:\/\/www.cronacaonline.it\/index.php\/wp-json\/wp\/v2\/posts\/219771\/revisions"}],"predecessor-version":[{"id":219772,"href":"https:\/\/www.cronacaonline.it\/index.php\/wp-json\/wp\/v2\/posts\/219771\/revisions\/219772"}],"wp:featuredmedia":[{"embeddable":true,"href":"https:\/\/www.cronacaonline.it\/index.php\/wp-json\/wp\/v2\/media\/217016"}],"wp:attachment":[{"href":"https:\/\/www.cronacaonline.it\/index.php\/wp-json\/wp\/v2\/media?parent=219771"}],"wp:term":[{"taxonomy":"category","embeddable":true,"href":"https:\/\/www.cronacaonline.it\/index.php\/wp-json\/wp\/v2\/categories?post=219771"},{"taxonomy":"post_tag","embeddable":true,"href":"https:\/\/www.cronacaonline.it\/index.php\/wp-json\/wp\/v2\/tags?post=219771"}],"curies":[{"name":"wp","href":"https:\/\/api.w.org\/{rel}","templated":true}]}}