{"id":219739,"date":"2022-03-31T18:16:51","date_gmt":"2022-03-31T16:16:51","guid":{"rendered":"https:\/\/www.cronacaonline.it\/?p=219739"},"modified":"2022-03-31T18:16:54","modified_gmt":"2022-03-31T16:16:54","slug":"consiglio-sardegna-seconda-commissione-audizioni-in-materia-di-cultura-e-lavoro","status":"publish","type":"post","link":"https:\/\/www.cronacaonline.it\/index.php\/2022\/03\/31\/consiglio-sardegna-seconda-commissione-audizioni-in-materia-di-cultura-e-lavoro\/","title":{"rendered":"Consiglio Sardegna &#8211; Seconda Commissione, audizioni in materia di cultura e lavoro."},"content":{"rendered":"\n<p>Cagliari 31 Mar 2022. La Seconda commissione, presieduta da Franco Stara (Iv), ha svolto una serie di audizioni in materia di cultura la prima delle quali ha riguardato le criticit\u00e0 e le ipotesi di riforma dei centri servizi culturali della Sardegna. I responsabili dei CSC e Umanitaria di Cagliari, Carbonia, Oristano, Macomer e Alghero (Antonello Zanza, Paolo Serra, Marcello Marras, Giancarlo Zoccheddu e Alessandra Sentu) hanno illustrato le attivit\u00e0 e i servizi offerti dai centri e ripercorso l\u2019iter legislativo e amministrativo che ha caratterizzato la storia dei centri servizi che inizia nel 1967, all\u2019interno di un grande progetto culturale nazionale e che passa per la Cassa per il Mezzogiorno, per finire in capo alle rispettive Regioni. In Sardegna sono cinque realt\u00e0 che contano in totale 31 operatori (6 a Carbonia e Macomer, 5 a Oristano e Alghero, 9 a Cagliari) con stanziamenti complessivi per 1.880.000 euro (880.000 per la cineteca di Cagliari e 250mila euro ciascuno per Alghero, Oristano, Carbonia e Macomer). Valorizzare, con il sostegno della Regione, ruolo e funzioni dei CSC \u00e8 l\u2019obiettivo dichiarato dei direttori intervenuti nel corso della audizione che come richiesta pressante, rivolta al Consiglio regionale, hanno per\u00f2 esplicitato quella che attiene \u201cl\u2019urgenza di indicazioni chiare ed efficaci perch\u00e9, attraverso opportuni strumenti tecnici, possa realizzarsi una rete dei centri servizi culturali a valenza regionale\u201d. \u00abAuspichiamo un profondo riassetto dell\u2019intero sistema \u2013 hanno concluso i responsabili dei centri servizi culturali della Sardegna\u00bb<\/p>\n\n\n\n<p>A seguire la commissione ha ascoltato la direttrice del&nbsp;conservatorio di musica di Cagliari, Aurora Cogliandro, che ha illustrato il corso di laurea triennale in musiche tradizionali con indirizzo Launeddas. Un\u2019iniziativa che insieme all\u2019attivazione dei percorsi di studi rivolti all\u2019etnomusicologia, ha raccolto il favore di un numero consistente di studenti e che \u2013 cos\u00ec ha riferito la professoressa Cogliandro \u2013 necessita di un sostegno da parte della Regione, quantificato in 15mila euro per il triennio.<\/p>\n\n\n\n<p>Massimiliano Messina e Linetta Serri hanno invece informato il parlamentino della cultura delle iniziative dell\u2019associazione Imago Mundi che come \u00e8 noto cura la manifestazione di successo \u201cMonumenti Aperti\u201d che quest\u2019anno celebra la XXVI^ edizione. Dopo due anni caratterizzati dalle limitazioni derivanti dalle misure anticontagio da Covid, Monumenti aperti ritorna tra il suo pubblico, a partire dal prossimo 23 aprile, ed interessa circa quaranta Comuni dislocati in tutte le province dell\u2019Isola. La novit\u00e0 riguarda la costituzione della fondazione di comunit\u00e0 e patrimonio, denominata proprio Monumenti Aperti, che ha gi\u00e0 raccolto l\u2019adesione di numerose amministrazioni pubbliche. Sar\u00e0 dunque compito della commissione valutare e proporre una eventuale partecipazione ed anche il riconoscimento da parte della Regione, ma \u2013 cos\u00ec come ha spiegato il presidente della commissione Stara \u2013 servir\u00e0 approfondire il tema anche alla luce dei documenti (bozza di statuto e piano di sostenibilit\u00e0) dei quali si attendete la trasmissione agli uffici della stessa commissione.<\/p>\n\n\n\n<p>Per quanto riguarda il Lavoro, la commissione ha ricevuto una delegazione del \u201ccomitato degli idonei amministravi C e funzionari D\u201d del concorso Laore, conclusosi lo scorso dicembre ed il cui elenco \u00e8 composto da 616 idonei istruttori amministrativi categoria C e 150 idonei funzionari amministrativi categoria D. Il portavoce del comitato, l\u2019avvocato Pietro Antonio Lara ha reclamato un intervento del Consiglio regionale per favorire lo scorrimento delle due graduatorie, anche alla luce delle denunciate carenze in organico degli enti e delle agenzie del comparto agricolo sardo, compreso l\u2019assessorato dell\u2019Agricoltura. Il comitato degli idonei ha inoltre lamentato alcuni stanziamenti pubblici volti a favorire il lavoro attraverso le agenzie interinali o peggio, tendenti ad escludere la copertura vacante degli amministrativi, come \u00e8 accaduto di recente con Forestas (stanziamento di 46 milioni ma per assunzione a tempo determinato di soli operai). Sollecitato anche dagli interventi dei consiglieri Desir\u00e8 Manca (M5S), Ignazio Manca (Lega), Piero Comandini (Pd) e Eugenio Lai (Leu) il dottor Lara ha chiarito nello specifico particolari situazioni nel frattempo verificatesi (\u00absi pensi che l\u2019agenzia Agris oltre a bandire un altro concorso ha attinto da una graduatoria di idonei di un Comune piuttosto che da quella di Laore\u00bb)&nbsp;&nbsp;ed ha ribadito la richiesta di adozione \u201cdi un provvedimento legislativo che riconosca il merito e in un\u2019ottica di efficienza e economicit\u00e0 favorisca lo scorrere delle graduatorie Laore nel sistema regione\u00bb. Il presidente della commissione ha quindi preannunciato al convocazione in audizione dei commissari di Agris, Laore, Aspal e delle assessore del Lavoro e dell\u2019Agricoltura, per gli opportuni approfondimenti e le necessarie valutazioni.&nbsp;Com<\/p>\n","protected":false},"excerpt":{"rendered":"<p>Cagliari 31 Mar 2022. La Seconda commissione, presieduta da Franco Stara (Iv), ha svolto una serie di audizioni in materia di cultura la prima delle&#8230;<\/p>\n","protected":false},"author":2,"featured_media":213917,"comment_status":"closed","ping_status":"open","sticky":false,"template":"","format":"standard","meta":[],"categories":[49,52],"tags":[],"_links":{"self":[{"href":"https:\/\/www.cronacaonline.it\/index.php\/wp-json\/wp\/v2\/posts\/219739"}],"collection":[{"href":"https:\/\/www.cronacaonline.it\/index.php\/wp-json\/wp\/v2\/posts"}],"about":[{"href":"https:\/\/www.cronacaonline.it\/index.php\/wp-json\/wp\/v2\/types\/post"}],"author":[{"embeddable":true,"href":"https:\/\/www.cronacaonline.it\/index.php\/wp-json\/wp\/v2\/users\/2"}],"replies":[{"embeddable":true,"href":"https:\/\/www.cronacaonline.it\/index.php\/wp-json\/wp\/v2\/comments?post=219739"}],"version-history":[{"count":1,"href":"https:\/\/www.cronacaonline.it\/index.php\/wp-json\/wp\/v2\/posts\/219739\/revisions"}],"predecessor-version":[{"id":219740,"href":"https:\/\/www.cronacaonline.it\/index.php\/wp-json\/wp\/v2\/posts\/219739\/revisions\/219740"}],"wp:featuredmedia":[{"embeddable":true,"href":"https:\/\/www.cronacaonline.it\/index.php\/wp-json\/wp\/v2\/media\/213917"}],"wp:attachment":[{"href":"https:\/\/www.cronacaonline.it\/index.php\/wp-json\/wp\/v2\/media?parent=219739"}],"wp:term":[{"taxonomy":"category","embeddable":true,"href":"https:\/\/www.cronacaonline.it\/index.php\/wp-json\/wp\/v2\/categories?post=219739"},{"taxonomy":"post_tag","embeddable":true,"href":"https:\/\/www.cronacaonline.it\/index.php\/wp-json\/wp\/v2\/tags?post=219739"}],"curies":[{"name":"wp","href":"https:\/\/api.w.org\/{rel}","templated":true}]}}