{"id":219730,"date":"2022-03-31T15:16:48","date_gmt":"2022-03-31T13:16:48","guid":{"rendered":"https:\/\/www.cronacaonline.it\/?p=219730"},"modified":"2022-03-31T15:16:51","modified_gmt":"2022-03-31T13:16:51","slug":"il-comune-di-cagliari-ammoderna-lilluminazione-pubblica-truzzu-e-lassessore-mereu-presentano-al-municipio-il-piano-da-oltre-85-milioni-di-euro","status":"publish","type":"post","link":"https:\/\/www.cronacaonline.it\/index.php\/2022\/03\/31\/il-comune-di-cagliari-ammoderna-lilluminazione-pubblica-truzzu-e-lassessore-mereu-presentano-al-municipio-il-piano-da-oltre-85-milioni-di-euro\/","title":{"rendered":"Il Comune di Cagliari ammoderna l&#8217;illuminazione pubblica: Truzzu e l&#8217;assessore Mereu presentano al Municipio il piano da oltre 8,5 milioni di euro."},"content":{"rendered":"\n<p>Cagliari, 31 Mar 2022 - Nell'ambito dei lavori di riqualificazione e integrazione dell'illuminazione pubblica presente a Cagliari, \u201ccon un investimento di 7.760.000 euro saranno ammodernati migliaia di punti luce\u201d. Le nuove lampade permetteranno, tra l'altro, un risparmio energetico non di poco conto rispetto a quelle utilizzate in passato, riducendo l\u2019inquinamento atmosferico da CO2. E \u201ccon 828.000 euro sar\u00e0 garantita H24x7 la manutenzione ordinaria e straordinaria dell'intero impianto cittadino per questo 2022\u201d. Inoltre, \u201c\u00e8 gi\u00e0 pubblicata una manifestazione di interesse di partenariato pubblico-privato per una sua gestione pi\u00f9 moderna e intelligente\u201d.<\/p>\n\n\n\n<p>L'annuncio \u00e8 del sindaco Paolo Truzzu e dell'assessore alla Mobilit\u00e0 e Servizi tecnologici, Alessio Mereu, che questa mattina di gioved\u00ec 31 marzo hanno incontrato i giornalisti al Municipio di via Roma 145.<\/p>\n\n\n\n<p>Il piano da 7,760 milioni, riguarder\u00e0 in particolare il centro storico, viale Buoncammino e aree limitrofe, parte dei quartieri Genneruxi, Monte Urpinu e Bonaria, il viale Trieste. Permetter\u00e0 all\u2019Amministrazione comunale di migliorare la sicurezza dei cittadini nelle ore notturne, nelle zone dove fino a oggi la luce era scarsa o completamente assente, anche a causa di numerosi guasti alla rete di alimentazione elettrica. \u201cVecchia di 40 anni, massimamente a diretto contatto con il terreno e soggetta ai danni dovuta a acqua e umidit\u00e0\u201d, ha precisato Daniele Olla, dirigente del Servizio Opere strategiche, Mobilit\u00e0, Infrastrutture viarie e Reti.<\/p>\n\n\n\n<p>Le opere prevedono, dunque, il rifacimento completo degli impianti mediante esecuzione di nuove reti, linee di alimentazione e disposizione di nuovi corpi illuminati con tecnologia a Led e elevate prestazioni illuminotecniche. \u201cL'appalto dovr\u00e0 essere aggiudicato entro il prossimo 30 giugno\u201d.<\/p>\n\n\n\n<p>Lampade a LED saranno installate anche nei quattro quartieri storici Marina, Stampace, Castello e Villanova. Qui le infrastrutture a terra, ancora in buono stato di conservazione, saranno invece mantenute. Ma per migliorare ulteriormente l'efficienza degli impianti sotto il profilo energetico, i quadri elettrici dovranno essere integrati con sistemi di telecontrollo e telegestione. I tecnici potranno cos\u00ec monitorare in modo continuo il funzionamento dell'illuminazione pubblica e intervenire subito nel caso di guasti.<\/p>\n\n\n\n<p>Sono invece circa 21.000 i punti luce interessati dal nuovo appalto di manutenzione ordinaria e straordinaria dell\u2019intero sistema di illuminazione pubblica per l\u2019anno 2022. Per un importo complessivo di 828.000 euro, dovr\u00e0 essere garantito il corretto e regolare funzionamento degli impianti, l\u2019esecuzione della manutenzione straordinaria per il ripristino in caso di guasti e disservizi. Nonch\u00e9, la reperibilit\u00e0 24 ore su 24 e 7 giorni su 7, di una squadra specializzata per assicurare il pronto intervento e la messa in sicurezza delle reti anche nella fascia oraria notturna e nei giorni festivi.<\/p>\n\n\n\n<p>\u201cI lavori di questo nuovo appalto potranno partire fra una quindicina di giorni\u201d, ha detto Olla. \u201cTra le priorit\u00e0, le vie Sonnino e Premuda\u201d, hanno anticipato il sindaco Truzzu e l'assessore Mereu.<\/p>\n\n\n\n<p>Guarda nella stessa direzione la strategia che il Comune ha elaborato concretizzandosi nella manifestazione d\u2019interesse di \u201cpartenariato pubblico\u2013privato\u201d (link pi\u00f9 sotto) per realizzare nel capoluogo sardo interventi di \u201cilluminazione intelligente\u201d, \u201csmart street\u201d, \u201csmart mobility\u201d e \u201csmart building\u201d. Dal 4 aprile al 3 maggio i soggetti privati interessati potranno presentare le candidature.<\/p>\n\n\n\n<p>A conferma che l'ambizione dell'Amministrazione comunale \u00e8 quella di migliorare i servizi di pubblica illuminazione, massimizzare il risparmio energetico e ridurre le emissioni di CO2, anche attraverso le cosiddette \u201ccomunit\u00e0 energetiche rinnovabili\u201d, che \u201cpossono essere al contempo utilizzatrici e produttrici di energia\u201d. \u201cMa anche \u2013 ha concluso il sindaco - di stimolare investimenti privati e pubblici che permetta di creare una grande sala di controllo per conoscere in tempo reale dove sono i guasti e dove intervenire. Che permetta di avere una conoscenza maggiore della citt\u00e0\u201d, in modo da estrapolare dati oggettivi utili a impostare politiche di sviluppo sostenibile.<\/p>\n\n\n\n<p>Insomma, interventi strutturali e, in parallelo, gestionali importanti, vantaggiosi e moderni quelli che l'Amministrazione comunale con i suoi uffici stanno realizzando. \u201cNe beneficeranno le casse comunali e la sicurezza pubblica\u201d, ha ribadito anche il presidente del consiglio Edoardo Tocco. Com<\/p>\n","protected":false},"excerpt":{"rendered":"<p>Cagliari, 31 Mar 2022 &#8211; Nell&#8217;ambito dei lavori di riqualificazione e integrazione dell&#8217;illuminazione pubblica presente a Cagliari, \u201ccon un investimento di 7.760.000 euro saranno ammodernati&#8230;<\/p>\n","protected":false},"author":2,"featured_media":219731,"comment_status":"closed","ping_status":"open","sticky":false,"template":"","format":"standard","meta":[],"categories":[49,52],"tags":[],"_links":{"self":[{"href":"https:\/\/www.cronacaonline.it\/index.php\/wp-json\/wp\/v2\/posts\/219730"}],"collection":[{"href":"https:\/\/www.cronacaonline.it\/index.php\/wp-json\/wp\/v2\/posts"}],"about":[{"href":"https:\/\/www.cronacaonline.it\/index.php\/wp-json\/wp\/v2\/types\/post"}],"author":[{"embeddable":true,"href":"https:\/\/www.cronacaonline.it\/index.php\/wp-json\/wp\/v2\/users\/2"}],"replies":[{"embeddable":true,"href":"https:\/\/www.cronacaonline.it\/index.php\/wp-json\/wp\/v2\/comments?post=219730"}],"version-history":[{"count":1,"href":"https:\/\/www.cronacaonline.it\/index.php\/wp-json\/wp\/v2\/posts\/219730\/revisions"}],"predecessor-version":[{"id":219732,"href":"https:\/\/www.cronacaonline.it\/index.php\/wp-json\/wp\/v2\/posts\/219730\/revisions\/219732"}],"wp:featuredmedia":[{"embeddable":true,"href":"https:\/\/www.cronacaonline.it\/index.php\/wp-json\/wp\/v2\/media\/219731"}],"wp:attachment":[{"href":"https:\/\/www.cronacaonline.it\/index.php\/wp-json\/wp\/v2\/media?parent=219730"}],"wp:term":[{"taxonomy":"category","embeddable":true,"href":"https:\/\/www.cronacaonline.it\/index.php\/wp-json\/wp\/v2\/categories?post=219730"},{"taxonomy":"post_tag","embeddable":true,"href":"https:\/\/www.cronacaonline.it\/index.php\/wp-json\/wp\/v2\/tags?post=219730"}],"curies":[{"name":"wp","href":"https:\/\/api.w.org\/{rel}","templated":true}]}}