{"id":219703,"date":"2022-03-30T19:23:51","date_gmt":"2022-03-30T17:23:51","guid":{"rendered":"https:\/\/www.cronacaonline.it\/?p=219703"},"modified":"2022-03-30T19:23:54","modified_gmt":"2022-03-30T17:23:54","slug":"insularita-il-presidente-solinas-traguardo-sempre-piu-vicino-attualizzare-e-rendere-sempre-piu-concreta-la-nostra-autonomia","status":"publish","type":"post","link":"https:\/\/www.cronacaonline.it\/index.php\/2022\/03\/30\/insularita-il-presidente-solinas-traguardo-sempre-piu-vicino-attualizzare-e-rendere-sempre-piu-concreta-la-nostra-autonomia\/","title":{"rendered":"Insularit\u00e0, il presidente Solinas: traguardo sempre pi\u00f9 vicino, attualizzare e rendere sempre pi\u00f9 concreta la nostra autonomia."},"content":{"rendered":"\n<p>Cagliari, 30 Mar 2022\u00a0- Grande soddisfazione per il raggiungimento di una nuova, decisiva tappa verso il traguardo, che appare oggi sempre pi\u00f9 vicino, e che garantir\u00e0 alla Sardegna il riconoscimento di diritti troppo a lungo ignorati e negati.<\/p>\n\n\n\n<p>Il Presidente della Regione commenta cos\u00ec l\u2019approvazione da parte della Camera dei Deputati della proposta di legge per l\u2019inserimento del principio di insularit\u00e0 in Costituzione.<\/p>\n\n\n\n<p>Un risultato, dice il Presidente, reso possibile dal consenso unanime raccolto dalla proposta, che abbiamo portato avanti con determinazione in questi anni.<\/p>\n\n\n\n<p>Ora, prosegue il Presidente, occorre accelerare l\u2019iter anche al Senato per conseguire il risultato in tempi brevi, ancora una volta con la convergenza di tutte le forze politiche.<\/p>\n\n\n\n<p>La Sardegna, sottolinea Solinas, deve vedere riconosciuti definitivamente gli svantaggi permanenti derivanti dalla propria condizione geografica, e avere pari opportunit\u00e0 di sviluppo e accesso al mercato senza pi\u00f9 scontare i disequilibri e le difficolt\u00e0 patite troppo a lungo&nbsp;rispetto al resto della terraferma italiana ed europea Insularit\u00e0 e perifericit\u00e0 producono un incremento dei costi e creano ritardi e debolezze nel processo di sviluppo. La modifica dell\u2019articolo 119 della Costituzione, concernente il riconoscimento del grave e permanente svantaggio naturale derivante dall\u2019insularit\u00e0, \u00e8 uno strumento di portata storica. Accanto a questo, aggiunge il Presidente, dobbiamo proseguire nel percorso avviato sulle entrate, che grazie agli accordi da me sanciti con il Governo ha portato alla riduzione di&nbsp;&nbsp;77 milioni l\u2019anno del contributo alla finanza pubblica consentendo alla Sardegna un risparmio di 308 milioni sul prossimo quadriennio, e ha assegnato dal 2021 alla nostra Isola i primi 66 milioni a compensazione dei maggiori oneri sostenuti sulla base della condizione di insularit\u00e0, che diventano 100 milioni all\u2019anno a regime, sempre come acconto, dal 2022 (266 milioni nel triennio, fino a nuova intesa).<\/p>\n\n\n\n<p>La Sardegna \u00e8 fortemente penalizzata perch\u00e9 unica Regione in Italia senza una autostrada, senza il metano, senza una rete ferroviaria diffusa e senza collegamenti certi e continui con la penisola. Ecco perch\u00e9, aggiunge il Presidente, l\u2019indice infrastrutturale della Sardegna non solo \u00e8 il pi\u00f9 basso in Italia ma mostra un forte peggioramento negli ultimi anni.<\/p>\n\n\n\n<p>La nostra battaglia, prosegue, deve continuare non solo nel Parlamento nazionale ma anche a Bruxelles. Occorre infatti, dice ancora il Presidente, una revisione profonda della normativa europea, per renderla pi\u00f9 rispondente alle sfide dei nostri territori che le situazioni di crisi impreviste, come quelle attuali, rendono ancora pi\u00f9 critiche. Non cerchiamo, conclude il Presidente della Sardegna, l\u2019ottenimento di privilegi, ma il riconoscimento di diritti per garantire ai nostri concittadini e alle nostre imprese pari opportunit\u00e0 di sviluppo. Com<\/p>\n","protected":false},"excerpt":{"rendered":"<p>Cagliari, 30 Mar 2022\u00a0&#8211; Grande soddisfazione per il raggiungimento di una nuova, decisiva tappa verso il traguardo, che appare oggi sempre pi\u00f9 vicino, e che&#8230;<\/p>\n","protected":false},"author":2,"featured_media":0,"comment_status":"closed","ping_status":"open","sticky":false,"template":"","format":"standard","meta":[],"categories":[49,52],"tags":[],"_links":{"self":[{"href":"https:\/\/www.cronacaonline.it\/index.php\/wp-json\/wp\/v2\/posts\/219703"}],"collection":[{"href":"https:\/\/www.cronacaonline.it\/index.php\/wp-json\/wp\/v2\/posts"}],"about":[{"href":"https:\/\/www.cronacaonline.it\/index.php\/wp-json\/wp\/v2\/types\/post"}],"author":[{"embeddable":true,"href":"https:\/\/www.cronacaonline.it\/index.php\/wp-json\/wp\/v2\/users\/2"}],"replies":[{"embeddable":true,"href":"https:\/\/www.cronacaonline.it\/index.php\/wp-json\/wp\/v2\/comments?post=219703"}],"version-history":[{"count":1,"href":"https:\/\/www.cronacaonline.it\/index.php\/wp-json\/wp\/v2\/posts\/219703\/revisions"}],"predecessor-version":[{"id":219704,"href":"https:\/\/www.cronacaonline.it\/index.php\/wp-json\/wp\/v2\/posts\/219703\/revisions\/219704"}],"wp:attachment":[{"href":"https:\/\/www.cronacaonline.it\/index.php\/wp-json\/wp\/v2\/media?parent=219703"}],"wp:term":[{"taxonomy":"category","embeddable":true,"href":"https:\/\/www.cronacaonline.it\/index.php\/wp-json\/wp\/v2\/categories?post=219703"},{"taxonomy":"post_tag","embeddable":true,"href":"https:\/\/www.cronacaonline.it\/index.php\/wp-json\/wp\/v2\/tags?post=219703"}],"curies":[{"name":"wp","href":"https:\/\/api.w.org\/{rel}","templated":true}]}}