{"id":219687,"date":"2022-03-30T14:12:03","date_gmt":"2022-03-30T12:12:03","guid":{"rendered":"https:\/\/www.cronacaonline.it\/?p=219687"},"modified":"2022-03-30T14:12:06","modified_gmt":"2022-03-30T12:12:06","slug":"strade-assessore-salaris-consegnati-i-lavori-sui-nodi-critici-della-131-nel-nord-sardegna","status":"publish","type":"post","link":"https:\/\/www.cronacaonline.it\/index.php\/2022\/03\/30\/strade-assessore-salaris-consegnati-i-lavori-sui-nodi-critici-della-131-nel-nord-sardegna\/","title":{"rendered":"Strade, Assessore Salaris: consegnati i lavori sui nodi critici della 131 nel nord Sardegna."},"content":{"rendered":"\n<p>Cagliari, 30 Mar 2022\u00a0\u2013 Sono stati consegnati oggi da Anas i lavori per l\u2019eliminazione dei nodi critici della Statale 131 \u201cCarlo Felice, nel tratto compreso tra il km 162,700 al km 209,500, in provincia di Sassari. Gli interventi, affidati tramite Accordo Quadro gi\u00e0 disponibile, riguardano il lotto 3 per un investimento complessivo di 49 milioni di euro. \u201cProsegue l\u2019importante azione della Regione volta ad ammodernare la rete stradale sarda per renderla pi\u00f9 efficiente in termini di sicurezza stradale, abbattendo la percentuale di incidentalit\u00e0, e pi\u00f9 efficace dal punto di vista dei collegamenti, con particolare riguardo a quelli relativi all\u2019asse stradale principale e ai punti di collegamento con le zone interne\u201d, ha spiegato il Presidente della Regione Christian Solinas, ponendo l\u2019accento sull\u2019importanza di avere infrastrutture viarie all\u2019altezza delle sfide del momento e mettendole direttamente il relazione con le ricadute positive per i territori. \u201cLa raggiungibilit\u00e0 e l\u2019accesso dei territori\u00a0 rappresentano non solo uno degli elementi fondamentali dell\u2019azione regionale che nel corso di questa Legislatura ha gi\u00e0 consentito di sbloccare cantieri e portare a compimento interi tratti di opere ritenute strategiche, ma \u00e8 anche lo strumento per avviare progetti di sviluppo e per trasferire ricchezza ai territori non solo dal punto di vista turistico ma anche in chiave di spopolamento: dotare i territori di nuove opere stradali equivale a trasferire loro ricchezza\u201d, ha concluso il Presidente.<\/p>\n\n\n\n<p>I comuni interessati sono Cossoine-Pozzomaggiore, Giave, Thiesi-Torralba, Bonnanaro, Siligo, Codrongianos-Saccargia, Oschiri, Florinas, Muros, Sassari-scala di giocca<\/p>\n\n\n\n<p>\u201cDiamo una ulteriore prova della volont\u00e0 di invertire quel trend negativo che per troppo tempo ha caratterizzato le opere infrastrutturali sarde, causando un deficit che ci posiziona ai margini delle classifiche nazionali ed europee\u201d, ha aggiunto l\u2019Assessore dei Lavori Pubblici, Aldo Salaris, entrando nello specifico del progetto: \u201cIl risultato odierno aiuta concretamente un territorio di primaria importanza per l\u2019economia sarda ed \u00e8 un altro importante passo verso la modernizzazione della 131 in un tratto delicato e strategico. Stiamo intervenendo con forza e decisione in un segmento, quello delle strade, fondamentale e imprescindibile per lo sviluppo socio economico della Sardegna\u201d.<\/p>\n\n\n\n<p>I lavori fanno parte di un pi\u00f9 ampio progetto, suddiviso in tre lotti, del valore complessivo di 135 milioni di euro. Prevedono il miglioramento degli standard di sicurezza di un tratto di oltre 100 chilometri (tra il km 108 e il km 209) mediante la realizzazione di 6 nuovi svincoli e la messa in sicurezza di ulteriori 21 svincoli, oltre alla messa in sicurezza degli accessi diretti alla strada anche attraverso l'adeguamento della viabilit\u00e0 locale. Com<\/p>\n","protected":false},"excerpt":{"rendered":"<p>Cagliari, 30 Mar 2022\u00a0\u2013 Sono stati consegnati oggi da Anas i lavori per l\u2019eliminazione dei nodi critici della Statale 131 \u201cCarlo Felice, nel tratto compreso&#8230;<\/p>\n","protected":false},"author":2,"featured_media":208753,"comment_status":"closed","ping_status":"open","sticky":false,"template":"","format":"standard","meta":[],"categories":[49,52],"tags":[],"_links":{"self":[{"href":"https:\/\/www.cronacaonline.it\/index.php\/wp-json\/wp\/v2\/posts\/219687"}],"collection":[{"href":"https:\/\/www.cronacaonline.it\/index.php\/wp-json\/wp\/v2\/posts"}],"about":[{"href":"https:\/\/www.cronacaonline.it\/index.php\/wp-json\/wp\/v2\/types\/post"}],"author":[{"embeddable":true,"href":"https:\/\/www.cronacaonline.it\/index.php\/wp-json\/wp\/v2\/users\/2"}],"replies":[{"embeddable":true,"href":"https:\/\/www.cronacaonline.it\/index.php\/wp-json\/wp\/v2\/comments?post=219687"}],"version-history":[{"count":1,"href":"https:\/\/www.cronacaonline.it\/index.php\/wp-json\/wp\/v2\/posts\/219687\/revisions"}],"predecessor-version":[{"id":219688,"href":"https:\/\/www.cronacaonline.it\/index.php\/wp-json\/wp\/v2\/posts\/219687\/revisions\/219688"}],"wp:featuredmedia":[{"embeddable":true,"href":"https:\/\/www.cronacaonline.it\/index.php\/wp-json\/wp\/v2\/media\/208753"}],"wp:attachment":[{"href":"https:\/\/www.cronacaonline.it\/index.php\/wp-json\/wp\/v2\/media?parent=219687"}],"wp:term":[{"taxonomy":"category","embeddable":true,"href":"https:\/\/www.cronacaonline.it\/index.php\/wp-json\/wp\/v2\/categories?post=219687"},{"taxonomy":"post_tag","embeddable":true,"href":"https:\/\/www.cronacaonline.it\/index.php\/wp-json\/wp\/v2\/tags?post=219687"}],"curies":[{"name":"wp","href":"https:\/\/api.w.org\/{rel}","templated":true}]}}