{"id":219678,"date":"2022-03-30T14:02:08","date_gmt":"2022-03-30T12:02:08","guid":{"rendered":"https:\/\/www.cronacaonline.it\/?p=219678"},"modified":"2022-03-30T14:02:10","modified_gmt":"2022-03-30T12:02:10","slug":"raccolta-differenziata-assessore-lampis-accordo-tra-regione-e-consorzio-compostatori-per-promuovere-il-trattamento-dei-rifiuti-organici-compostabili","status":"publish","type":"post","link":"https:\/\/www.cronacaonline.it\/index.php\/2022\/03\/30\/raccolta-differenziata-assessore-lampis-accordo-tra-regione-e-consorzio-compostatori-per-promuovere-il-trattamento-dei-rifiuti-organici-compostabili\/","title":{"rendered":"Raccolta differenziata, assessore Lampis: \u2018accordo tra regione e consorzio compostatori per promuovere il trattamento dei rifiuti organici compostabili\u2019."},"content":{"rendered":"\n<p>Cagliari, 30 Mar 2022\u00a0\u2013 \u201cCon l\u2019obiettivo di garantire la valorizzazione della frazione organica derivata dalla raccolta differenziata, la Regione ha finanziato diversi interventi per la realizzazione di nuovi impianti di compostaggio di qualit\u00e0 e per convertire gli impianti di stabilizzazione esistenti in impianti di compostaggio. Inoltre, per incentivare la raccolta e il recupero dei rifiuti organici prodotti nel territorio regionale, era stato stipulato un apposito Accordo di programma con il Consorzio italiano compostatori (Cic), unico consorzio nazionale tra aziende ed enti pubblici e privati che producono compost\u201d.<\/p>\n\n\n\n<p>Lo afferma in una nota l'assessore regionale della Difesa dell'ambiente, Gianni Lampis, ricordando il rinnovo dell\u2019Accordo con il Cic (20.000 euro all\u2019anno per tre anni), finalizzato al riciclaggio dei rifiuti organici, ad individuare e promuovere la azioni utili alla produzione e all'utilizzo dei materiali ottenuti dal loro recupero, come previsto dal Piano regionale di gestione dei rifiuti urbani.<\/p>\n\n\n\n<p>\u201cIl Piano prevede il conseguimento del 80% di raccolta differenziata entro il 2022, con una produzione di frazione organica da raccolta differenziata pari a 249.700 tonnellate all'anno e un valore di intercettamento pari a 150 chili per abitante all'anno \u2013 ha aggiunto l\u2019assessore Lampis \u2013 Inoltre, \u00e8 previsto che l'organico raccolto venga interamente recuperato negli impianti di compostaggio dell'Isola e siano programmati interventi per promuovere nel territorio regionale il mercato dell'ammendante compostato. Un'altra azione del Piano consiste nella prosecuzione della collaborazione con le associazioni di riferimento dei produttori di compost di qualit\u00e0 per favorire la produzione e la valorizzazione del materiale in agricoltura, nel florovivaismo e negli acquisti pubblici ecologici\u201d.<\/p>\n\n\n\n<p>\u201cIn questi anni, il Cic ha supportato la Regione nelle attivit\u00e0 di recupero della frazione organica, permettendo il conseguimento di eccellenti risultati in termini di quantit\u00e0 e qualit\u00e0 del compost. Il Consorzio gestisce il marchio di qualit\u00e0 Cic, marchio nazionale attribuito al compost di qualit\u00e0 prodotto negli impianti a loro associati. In Sardegna, gli impianti che hanno il marchio sono quelli di PortoTorres, Villacidro e Arborea\u201c, ha concluso l\u2019esponente della Giunta della Sardegna. Com<\/p>\n","protected":false},"excerpt":{"rendered":"<p>Cagliari, 30 Mar 2022\u00a0\u2013 \u201cCon l\u2019obiettivo di garantire la valorizzazione della frazione organica derivata dalla raccolta differenziata, la Regione ha finanziato diversi interventi per la&#8230;<\/p>\n","protected":false},"author":2,"featured_media":217420,"comment_status":"closed","ping_status":"open","sticky":false,"template":"","format":"standard","meta":[],"categories":[49,52],"tags":[],"_links":{"self":[{"href":"https:\/\/www.cronacaonline.it\/index.php\/wp-json\/wp\/v2\/posts\/219678"}],"collection":[{"href":"https:\/\/www.cronacaonline.it\/index.php\/wp-json\/wp\/v2\/posts"}],"about":[{"href":"https:\/\/www.cronacaonline.it\/index.php\/wp-json\/wp\/v2\/types\/post"}],"author":[{"embeddable":true,"href":"https:\/\/www.cronacaonline.it\/index.php\/wp-json\/wp\/v2\/users\/2"}],"replies":[{"embeddable":true,"href":"https:\/\/www.cronacaonline.it\/index.php\/wp-json\/wp\/v2\/comments?post=219678"}],"version-history":[{"count":1,"href":"https:\/\/www.cronacaonline.it\/index.php\/wp-json\/wp\/v2\/posts\/219678\/revisions"}],"predecessor-version":[{"id":219679,"href":"https:\/\/www.cronacaonline.it\/index.php\/wp-json\/wp\/v2\/posts\/219678\/revisions\/219679"}],"wp:featuredmedia":[{"embeddable":true,"href":"https:\/\/www.cronacaonline.it\/index.php\/wp-json\/wp\/v2\/media\/217420"}],"wp:attachment":[{"href":"https:\/\/www.cronacaonline.it\/index.php\/wp-json\/wp\/v2\/media?parent=219678"}],"wp:term":[{"taxonomy":"category","embeddable":true,"href":"https:\/\/www.cronacaonline.it\/index.php\/wp-json\/wp\/v2\/categories?post=219678"},{"taxonomy":"post_tag","embeddable":true,"href":"https:\/\/www.cronacaonline.it\/index.php\/wp-json\/wp\/v2\/tags?post=219678"}],"curies":[{"name":"wp","href":"https:\/\/api.w.org\/{rel}","templated":true}]}}