{"id":219663,"date":"2022-03-30T10:09:08","date_gmt":"2022-03-30T08:09:08","guid":{"rendered":"https:\/\/www.cronacaonline.it\/?p=219663"},"modified":"2022-03-30T10:09:11","modified_gmt":"2022-03-30T08:09:11","slug":"trenino-verde-assessore-todde-la-nuova-stagione-arriva-fino-a-dicembre-il-presidente-della-regione-rilancio-importante-per-arricchire-e-allungare-lofferta-turistica-della-sardegna","status":"publish","type":"post","link":"https:\/\/www.cronacaonline.it\/index.php\/2022\/03\/30\/trenino-verde-assessore-todde-la-nuova-stagione-arriva-fino-a-dicembre-il-presidente-della-regione-rilancio-importante-per-arricchire-e-allungare-lofferta-turistica-della-sardegna\/","title":{"rendered":"Trenino verde, assessore Todde: la nuova stagione arriva fino a dicembre. Il presidente della Regione: rilancio importante per arricchire e allungare l\u2019offerta turistica della Sardegna."},"content":{"rendered":"\n<p>Cagliari,\u00a030 Mar 2022\u00a0\u2013\u00a0L\u2019assessore regionale dei Trasporti, Giorgio Todde, e l\u2019amministratore unico dell\u2019Arst, Roberto Neroni, hanno definito la programmazione della nuova stagione del Trenino Verde, il servizio ferroviario, sostenuto dall\u2019Assessorato dei Trasporti e gestito dall\u2019Arst, che opera sulla rete turistica pi\u00f9 lunga d\u2019Europa, oltre 438 chilometri.<\/p>\n\n\n\n<p>\u201cAbbiamo definito il nuovo calendario per tutte e cinque le linee storiche \u2013 afferma in una nota l\u2019assessore Todde \u2013 ed \u00e8 la dimostrazione che la Regione ha tutto l\u2019interesse a tenere aperte tutte le tratte. Quest\u2019anno ci sono delle novit\u00e0: la stagione, iniziata a&nbsp;marzo, finir\u00e0 a dicembre, perch\u00e9 vogliamo incrementare l\u2019offerta e far s\u00ec che venga allungata la stagione turistica. Al momento le richieste sono tantissime. Guardiamo al futuro con ottimismo potendo contare anche sul finanziamento ottenuto dal Ministero, 64 milioni di euro da distribuire per potenziare tutte e cinque le linee. E da&nbsp;settembre&nbsp;avremo mezzi nuovi e personale che l\u2019Arst in questa fase sta provvedendo a formare in funzione delle professioni richieste per l\u2019utilizzo dei treni e per i servizi di terra\u201d.<\/p>\n\n\n\n<p>\u201cIl Trenino Verde \u2013 aggiunge il presidente della Regione Sardegna \u2013 \u00e8 un punto di riferimento per chi vuole conoscere gli aspetti pi\u00f9 genuini della Sardegna, un paesaggio interno ricco di bellezze ambientali e naturalistiche, ed \u00e8 un forte attrattore di quel turismo sostenibile ed esperienziale sul quale la Regione sta puntando per arricchire la sua offerta allungando la stagione oltre i mesi estivi. Il rilancio di questo nostro patrimonio storico e identitario, anche con le risorse messe a disposizione dal Pnrr, contribuir\u00e0 a promuovere l\u2019immagine turistica di tutta l\u2019Isola\u201d.<\/p>\n\n\n\n<p>Il calendario dei viaggi per il 2022 va da&nbsp;marzo a&nbsp;dicembre&nbsp;con cinque diverse proposte. La&nbsp;domenica&nbsp;si viaggia alternativamente da Mandas a Laconi e da Mandas a Seui, mentre in Ogliastra, tra Arbatax e Gairo, a partire da dopo Pasqua e poi i weekend fino a settembre. Programmazione domenicale in Gallura, tra Tempio e Palau, e da met\u00e0&nbsp;maggio&nbsp;sulla Macomer-Bosa, dove i percorsi iniziali si svolgeranno su tratti delle linee per la presenza di cantieri di lavoro. Com<\/p>\n","protected":false},"excerpt":{"rendered":"<p>Cagliari,\u00a030 Mar 2022\u00a0\u2013\u00a0L\u2019assessore regionale dei Trasporti, Giorgio Todde, e l\u2019amministratore unico dell\u2019Arst, Roberto Neroni, hanno definito la programmazione della nuova stagione del Trenino Verde, il&#8230;<\/p>\n","protected":false},"author":2,"featured_media":219664,"comment_status":"closed","ping_status":"open","sticky":false,"template":"","format":"standard","meta":[],"categories":[49,52],"tags":[],"_links":{"self":[{"href":"https:\/\/www.cronacaonline.it\/index.php\/wp-json\/wp\/v2\/posts\/219663"}],"collection":[{"href":"https:\/\/www.cronacaonline.it\/index.php\/wp-json\/wp\/v2\/posts"}],"about":[{"href":"https:\/\/www.cronacaonline.it\/index.php\/wp-json\/wp\/v2\/types\/post"}],"author":[{"embeddable":true,"href":"https:\/\/www.cronacaonline.it\/index.php\/wp-json\/wp\/v2\/users\/2"}],"replies":[{"embeddable":true,"href":"https:\/\/www.cronacaonline.it\/index.php\/wp-json\/wp\/v2\/comments?post=219663"}],"version-history":[{"count":1,"href":"https:\/\/www.cronacaonline.it\/index.php\/wp-json\/wp\/v2\/posts\/219663\/revisions"}],"predecessor-version":[{"id":219665,"href":"https:\/\/www.cronacaonline.it\/index.php\/wp-json\/wp\/v2\/posts\/219663\/revisions\/219665"}],"wp:featuredmedia":[{"embeddable":true,"href":"https:\/\/www.cronacaonline.it\/index.php\/wp-json\/wp\/v2\/media\/219664"}],"wp:attachment":[{"href":"https:\/\/www.cronacaonline.it\/index.php\/wp-json\/wp\/v2\/media?parent=219663"}],"wp:term":[{"taxonomy":"category","embeddable":true,"href":"https:\/\/www.cronacaonline.it\/index.php\/wp-json\/wp\/v2\/categories?post=219663"},{"taxonomy":"post_tag","embeddable":true,"href":"https:\/\/www.cronacaonline.it\/index.php\/wp-json\/wp\/v2\/tags?post=219663"}],"curies":[{"name":"wp","href":"https:\/\/api.w.org\/{rel}","templated":true}]}}