{"id":219629,"date":"2022-03-29T19:48:23","date_gmt":"2022-03-29T17:48:23","guid":{"rendered":"https:\/\/www.cronacaonline.it\/?p=219629"},"modified":"2022-03-29T19:48:25","modified_gmt":"2022-03-29T17:48:25","slug":"portovesme-il-presidente-della-sardegna-regione-accanto-ai-lavoratori-in-lotta-controllo-dei-prezzi-e-costo-energia-sono-temi-di-rilevanza-nazionale-e-di-competenza-del-governo","status":"publish","type":"post","link":"https:\/\/www.cronacaonline.it\/index.php\/2022\/03\/29\/portovesme-il-presidente-della-sardegna-regione-accanto-ai-lavoratori-in-lotta-controllo-dei-prezzi-e-costo-energia-sono-temi-di-rilevanza-nazionale-e-di-competenza-del-governo\/","title":{"rendered":"Portovesme, il presidente della Sardegna: Regione accanto ai lavoratori in lotta. Controllo dei prezzi e costo energia sono temi di rilevanza nazionale e di competenza del governo."},"content":{"rendered":"\n<p>Cagliari, 29 Mar 2022\u00a0- Il Presidente della Regione Sardegna ha convocato fin da ieri sera, per luned\u00ec prossimo, le rappresentanze sindacali dei lavoratori del polo di Portovesme, per fare il punto sulle le azioni messe in campo dalla Regione per ottenere dal Governo nazionale un intervento straordinario mirato all\u2019abbattimento dei costi dell\u2019energia, lievitato a causa delle crisi internazionali in atto, e che mette a rischio le attivit\u00e0 degli stabilimenti sardi.<\/p>\n\n\n\n<p>La Regione, dice il Presidente, \u00e8 come sempre al fianco dei lavoratori in lotta e delle imprese, e ne condivide le preoccupazioni e le ragioni, espresse anche con la manifestazione di oggi.<\/p>\n\n\n\n<p>\u00c8 un tema di rilevanza nazionale, che rientra nella competenza dello Stato, precisa Solinas, che ci vede impegnati fin dal primo momento in un dialogo serrato con i Ministri competenti per assicurare un intervento immediato. Come illustrato ieri dagli assessori Pili e Zedda, in una riunione con i lavoratori, i rappresentanti dell\u2019azienda, i sindacati e Confindustria, Sardegna e Sicilia sono state le Regioni promotrici di un emendamento al Decreto \u201cMisure urgenti in materia di energia elettrica, gas naturale e fonti rinnovabili\u201d con l\u2019obiettivo della perequazione dei costi energetici tra le aziende che operano nella Penisola e quelle che operano nelle isole maggiori. Il testo \u00e8 stato approvato all'unanimit\u00e0 dalla commissione tecnica della Commissione Energia della Conferenza Stato-Regione, e ora passer\u00e0 al vaglio politico. Il nostro obiettivo, dice il Presidente, \u00e8 quello di incentivare la partecipazione dei grandi consumatori industriali agli investimenti in nuova capacit\u00e0 produttiva da fonte rinnovabile e l\u2019aumento dell\u2019autoproduzione per la sostenibilit\u00e0 energetica.<\/p>\n\n\n\n<p>\u00c8 assolutamente necessario, aggiunge, ristabilire un giusto prezzo dell\u2019energia a beneficio di tutte le aziende sarde, oggi ancora pi\u00f9 penalizzate per effetto della crisi internazionale e dell\u2019incertezza che il conflitto in Ucraina sta generando tra gli operatori. Com<\/p>\n","protected":false},"excerpt":{"rendered":"<p>Cagliari, 29 Mar 2022\u00a0&#8211; Il Presidente della Regione Sardegna ha convocato fin da ieri sera, per luned\u00ec prossimo, le rappresentanze sindacali dei lavoratori del polo&#8230;<\/p>\n","protected":false},"author":2,"featured_media":187128,"comment_status":"closed","ping_status":"open","sticky":false,"template":"","format":"standard","meta":[],"categories":[49,52],"tags":[],"_links":{"self":[{"href":"https:\/\/www.cronacaonline.it\/index.php\/wp-json\/wp\/v2\/posts\/219629"}],"collection":[{"href":"https:\/\/www.cronacaonline.it\/index.php\/wp-json\/wp\/v2\/posts"}],"about":[{"href":"https:\/\/www.cronacaonline.it\/index.php\/wp-json\/wp\/v2\/types\/post"}],"author":[{"embeddable":true,"href":"https:\/\/www.cronacaonline.it\/index.php\/wp-json\/wp\/v2\/users\/2"}],"replies":[{"embeddable":true,"href":"https:\/\/www.cronacaonline.it\/index.php\/wp-json\/wp\/v2\/comments?post=219629"}],"version-history":[{"count":1,"href":"https:\/\/www.cronacaonline.it\/index.php\/wp-json\/wp\/v2\/posts\/219629\/revisions"}],"predecessor-version":[{"id":219630,"href":"https:\/\/www.cronacaonline.it\/index.php\/wp-json\/wp\/v2\/posts\/219629\/revisions\/219630"}],"wp:featuredmedia":[{"embeddable":true,"href":"https:\/\/www.cronacaonline.it\/index.php\/wp-json\/wp\/v2\/media\/187128"}],"wp:attachment":[{"href":"https:\/\/www.cronacaonline.it\/index.php\/wp-json\/wp\/v2\/media?parent=219629"}],"wp:term":[{"taxonomy":"category","embeddable":true,"href":"https:\/\/www.cronacaonline.it\/index.php\/wp-json\/wp\/v2\/categories?post=219629"},{"taxonomy":"post_tag","embeddable":true,"href":"https:\/\/www.cronacaonline.it\/index.php\/wp-json\/wp\/v2\/tags?post=219629"}],"curies":[{"name":"wp","href":"https:\/\/api.w.org\/{rel}","templated":true}]}}