{"id":219579,"date":"2022-03-28T20:24:09","date_gmt":"2022-03-28T18:24:09","guid":{"rendered":"https:\/\/www.cronacaonline.it\/?p=219579"},"modified":"2022-03-28T20:24:12","modified_gmt":"2022-03-28T18:24:12","slug":"crisi-ucraina-il-presidente-solinas-trovata-accoglienza-per-98-minori-con-accompagnatori-la-sardegna-garantisce-impegno-sostegno-e-solidarieta-ai-profughi","status":"publish","type":"post","link":"https:\/\/www.cronacaonline.it\/index.php\/2022\/03\/28\/crisi-ucraina-il-presidente-solinas-trovata-accoglienza-per-98-minori-con-accompagnatori-la-sardegna-garantisce-impegno-sostegno-e-solidarieta-ai-profughi\/","title":{"rendered":"Crisi ucraina, il presidente Solinas: \u2018trovata accoglienza per 98 minori con accompagnatori. La Sardegna garantisce impegno, sostegno e solidariet\u00e0 ai profughi\u2019."},"content":{"rendered":"\n<p>Cagliari, 28 Mar 2022\u00a0\u2013 \u201cCome promesso, la Sardegna sta facendo la sua parte in questa grave emergenza umanitaria causata dalla guerra in Ucraina, non facendo mancare impegno, sostegno e solidariet\u00e0 ai profughi che cercano aiuto, in attesa che la diplomazia trovi la soluzione per porre termine al conflitto\u201d. Lo ha detto il presidente della Giunta regionale, Christian Solinas, commissario delegato per l\u2019emergenza Ucraina della Regione Sardegna, che ha provveduto tempestivamente, su richiesta della Prefettura, a reperire un\u2019urgente soluzione di alloggiamento, in attesa che venga definito il luogo di accoglienza nei tradizionali sistemi, per un gruppo di cittadini ucraini, per lo pi\u00f9 minori provenienti da \u2018case famiglia\u2019.<\/p>\n\n\n\n<p>\u201cGrazie all\u2019avviso esplorativo, pubblicato sul sito regionale, per l\u2019accoglienza temporanea dei profughi provenienti dall\u2019Ucraina, la Protezione civile regionale \u00e8 riuscita a individuare, tra le strutture in lista, quella pi\u00f9 idonea a ospitare un gruppo di 98 minori con gli accompagnatori \u2013 ha aggiunto l\u2019assessore regionale della Difesa dell\u2019ambiente, Gianni Lampis, con delega alla protezione civile \u2013 Perci\u00f2, a partire da domani, sar\u00e0 possibile acquisire la disponibilit\u00e0 di quelle strutture ricettive, che, con il coinvolgimento delle associazioni di categoria, stanno aderendo all\u2019Accordo quadro per l\u2019accoglienza della popolazione ucraina. E\u2019 bene ricordare che l'adesione sar\u00e0 possibile fino al prossimo 31 marzo\u201d.<\/p>\n\n\n\n<p>\"Domani, in accordo con le autorit\u00e0 competenti, verranno avviati i controlli sanitari e le procedure di identificazione, nel rispetto della normativa vigente, compresa la disciplina relativa alla protezione dei minori\u201d, ha concluso l\u2019esponente della Giunta Solinas.<\/p>\n","protected":false},"excerpt":{"rendered":"<p>Cagliari, 28 Mar 2022\u00a0\u2013 \u201cCome promesso, la Sardegna sta facendo la sua parte in questa grave emergenza umanitaria causata dalla guerra in Ucraina, non facendo&#8230;<\/p>\n","protected":false},"author":2,"featured_media":218421,"comment_status":"closed","ping_status":"open","sticky":false,"template":"","format":"standard","meta":[],"categories":[49,52],"tags":[],"_links":{"self":[{"href":"https:\/\/www.cronacaonline.it\/index.php\/wp-json\/wp\/v2\/posts\/219579"}],"collection":[{"href":"https:\/\/www.cronacaonline.it\/index.php\/wp-json\/wp\/v2\/posts"}],"about":[{"href":"https:\/\/www.cronacaonline.it\/index.php\/wp-json\/wp\/v2\/types\/post"}],"author":[{"embeddable":true,"href":"https:\/\/www.cronacaonline.it\/index.php\/wp-json\/wp\/v2\/users\/2"}],"replies":[{"embeddable":true,"href":"https:\/\/www.cronacaonline.it\/index.php\/wp-json\/wp\/v2\/comments?post=219579"}],"version-history":[{"count":1,"href":"https:\/\/www.cronacaonline.it\/index.php\/wp-json\/wp\/v2\/posts\/219579\/revisions"}],"predecessor-version":[{"id":219580,"href":"https:\/\/www.cronacaonline.it\/index.php\/wp-json\/wp\/v2\/posts\/219579\/revisions\/219580"}],"wp:featuredmedia":[{"embeddable":true,"href":"https:\/\/www.cronacaonline.it\/index.php\/wp-json\/wp\/v2\/media\/218421"}],"wp:attachment":[{"href":"https:\/\/www.cronacaonline.it\/index.php\/wp-json\/wp\/v2\/media?parent=219579"}],"wp:term":[{"taxonomy":"category","embeddable":true,"href":"https:\/\/www.cronacaonline.it\/index.php\/wp-json\/wp\/v2\/categories?post=219579"},{"taxonomy":"post_tag","embeddable":true,"href":"https:\/\/www.cronacaonline.it\/index.php\/wp-json\/wp\/v2\/tags?post=219579"}],"curies":[{"name":"wp","href":"https:\/\/api.w.org\/{rel}","templated":true}]}}