{"id":219559,"date":"2022-03-28T14:16:26","date_gmt":"2022-03-28T12:16:26","guid":{"rendered":"https:\/\/www.cronacaonline.it\/?p=219559"},"modified":"2022-03-28T14:16:29","modified_gmt":"2022-03-28T12:16:29","slug":"corpo-forestale-progetti-europei-di-cooperazione-transfrontaliera-incontro-a-bonorva-su-energie-alternative-e-nuovi-incendi","status":"publish","type":"post","link":"https:\/\/www.cronacaonline.it\/index.php\/2022\/03\/28\/corpo-forestale-progetti-europei-di-cooperazione-transfrontaliera-incontro-a-bonorva-su-energie-alternative-e-nuovi-incendi\/","title":{"rendered":"Corpo forestale, progetti europei di cooperazione transfrontaliera: incontro a Bonorva su &#8216;energie alternative e nuovi incendi&#8217;."},"content":{"rendered":"\n<p>Cagliari, 28 Mar 2022\u00a0\u2013\u00a0La Regione Sardegna partecipa, in qualit\u00e0 di partner capofila, a due progetti europei di cooperazione transfrontaliera denominati \u201cMedStar\u201d e \u201cMedCopfire\u201d, al quale prendono parte, oltre alla Sardegna, anche le Regioni Liguria e Toscana, la Corsica\u00a0e le regioni francesi delle Alpi Marittime e Provenza-Alpi-Costa Azzurra.<br>Nell'ambito dell'attivit\u00e0 del progetto, riferita alla \"Formazione congiunta e scambi di esperienze per la definizione di modelli condivisi di gestione territoriale e degli incendi\", Il Corpo forestale ha organizzato una giornata di confronto con gli altri partner del progetto su \u201cEnergie alternative e nuovi incendi\u201d, che si \u00e8 svolta in agro di Bonorva, nelle struttura gestita dall\u2019agenzia Forestas all\u2019interno del parco comunale Mariani, e\u00a0che ha visto la presenza dell\u2019assessore regionale dei Lavori pubblici, Aldo Salaris, e del sindaco di Bonorva, Massimo D\u2019Agostino.<br>Il tema dell\u2019analisi delle criticit\u00e0 operative nella gestione degli incendi in aree caratterizzate dalla presenza di centrali eoliche e fotovoltaiche \u00e8 stato introdotto dal direttore dell\u2019Ispettorato forestale di Sassari, Giancarlo Muntoni, avendo come spunto l\u2019incendio che, il 12 e\u00a0il 13 luglio 2021, si era esteso all\u2019interno del parco eolico di Bonorva ed era stato spento dopo due giorni di operazioni di lotta attiva.\u00a0Un tema di notevole attualit\u00e0 e complessit\u00e0, che \u00e8 stata l\u2019occasione per una riflessione sul nuovo regime di incendi emerso negli ultimi anni col diffondersi, in Sardegna e in tutto il bacino mediterraneo, di installazioni legate alle forme di produzione di energia elettrica da fonti alternative.<\/p>\n\n\n\n<p>Muntoni ha rappresentato l\u2019evoluzione della diffusione delle centrali eoliche e fotovoltaiche in Sardegna, soffermandosi sulle criticit\u00e0 connesse alle azioni e alle attivit\u00e0 di spegnimento in caso di incendi. In particolare, sull'impossibilit\u00e0 di utilizzo funzionale dei mezzi aerei, sia ad ala fissa che ad ala rotante, che complica e rende ancora pi\u00f9 difficile l\u2019incisivit\u00e0 delle azioni di spegnimento coi mezzi a terra.<\/p>\n\n\n\n<p>Al dibattito hanno partecipato i rappresentanti dei partner progettuali: Protezione civile regionale, Regione Liguria (rappresentata dal responsabile della Soup regionale), Fondazione Cima (Centro internazionale in monitoraggio ambientale), Collectivit\u00e9 de Corse, Regione Toscana (rappresentata dal responsabile del Settore Antincendi), Universit\u00e0 degli Studi di Firenze (Dipartimento di Scienze e tecnologie agrarie, alimentari e forestali), Cnr di Sassari e Universit\u00e0 degli studi di Sassari.&nbsp;In seguito, si \u00e8 svolto il sopralluogo sul sito dell\u2019incendio, in localit\u00e0 Su Monte, per verificare sul posto quanto discusso.<\/p>\n\n\n\n<p>Durante l\u2019evento, il personale Gauf (Gruppo azione analisi del fuoco) della Stazione forestale di Bonorva e dell\u2019Ispettorato forestale di Sassari ha presentato, offrendo una dimostrazione pratica del suo utilizzo, il nuovo mezzo allestito dal Corpo forestale nell\u2019ambito di un altro progetto comunitario (progetto \u201cMedcoopfire\u201d) e destinato ai gruppi Gauf del Corpo forestale, che nella prossima campagna antincendio saranno impegnati nelle tattiche di controfuoco e fuoco prescritto in opposizione ai grandi incendi.<br>A conclusione delle giornata, \u00e8 emersa la necessit\u00e0 di rivolgere l\u2019attenzione al tema incendi che interessano queste aree non soltanto nelle fasi di lotta, ma anche e soprattutto al tema della prevenzione cercando di sensibilizzare in merito le societ\u00e0 di gestione degli impianti. Per esempio, attivando, nel periodo di grave pericolo di incendi, una squadra antincendio dotata di un mezzo allestito con modulo di spegnimento, in modo tale da intervenire con immediatezza in caso di sviluppo di un incendio all\u2019interno di quelle aree. Com<\/p>\n","protected":false},"excerpt":{"rendered":"<p>Cagliari, 28 Mar 2022\u00a0\u2013\u00a0La Regione Sardegna partecipa, in qualit\u00e0 di partner capofila, a due progetti europei di cooperazione transfrontaliera denominati \u201cMedStar\u201d e \u201cMedCopfire\u201d, al quale&#8230;<\/p>\n","protected":false},"author":2,"featured_media":219560,"comment_status":"closed","ping_status":"open","sticky":false,"template":"","format":"standard","meta":[],"categories":[49,52],"tags":[],"_links":{"self":[{"href":"https:\/\/www.cronacaonline.it\/index.php\/wp-json\/wp\/v2\/posts\/219559"}],"collection":[{"href":"https:\/\/www.cronacaonline.it\/index.php\/wp-json\/wp\/v2\/posts"}],"about":[{"href":"https:\/\/www.cronacaonline.it\/index.php\/wp-json\/wp\/v2\/types\/post"}],"author":[{"embeddable":true,"href":"https:\/\/www.cronacaonline.it\/index.php\/wp-json\/wp\/v2\/users\/2"}],"replies":[{"embeddable":true,"href":"https:\/\/www.cronacaonline.it\/index.php\/wp-json\/wp\/v2\/comments?post=219559"}],"version-history":[{"count":1,"href":"https:\/\/www.cronacaonline.it\/index.php\/wp-json\/wp\/v2\/posts\/219559\/revisions"}],"predecessor-version":[{"id":219561,"href":"https:\/\/www.cronacaonline.it\/index.php\/wp-json\/wp\/v2\/posts\/219559\/revisions\/219561"}],"wp:featuredmedia":[{"embeddable":true,"href":"https:\/\/www.cronacaonline.it\/index.php\/wp-json\/wp\/v2\/media\/219560"}],"wp:attachment":[{"href":"https:\/\/www.cronacaonline.it\/index.php\/wp-json\/wp\/v2\/media?parent=219559"}],"wp:term":[{"taxonomy":"category","embeddable":true,"href":"https:\/\/www.cronacaonline.it\/index.php\/wp-json\/wp\/v2\/categories?post=219559"},{"taxonomy":"post_tag","embeddable":true,"href":"https:\/\/www.cronacaonline.it\/index.php\/wp-json\/wp\/v2\/tags?post=219559"}],"curies":[{"name":"wp","href":"https:\/\/api.w.org\/{rel}","templated":true}]}}