{"id":219555,"date":"2022-03-28T14:11:30","date_gmt":"2022-03-28T12:11:30","guid":{"rendered":"https:\/\/www.cronacaonline.it\/?p=219555"},"modified":"2022-03-28T14:11:31","modified_gmt":"2022-03-28T12:11:31","slug":"caro-energia-assessori-pili-e-zedda-vogliamo-la-perequazione-dei-costi-energetici-con-le-aziende-della-penisola-per-salvaguardare-loccupazione-in-sardegna","status":"publish","type":"post","link":"https:\/\/www.cronacaonline.it\/index.php\/2022\/03\/28\/caro-energia-assessori-pili-e-zedda-vogliamo-la-perequazione-dei-costi-energetici-con-le-aziende-della-penisola-per-salvaguardare-loccupazione-in-sardegna\/","title":{"rendered":"Caro energia, assessori Pili e Zedda: \u2018vogliamo la perequazione dei costi energetici con le aziende della penisola per salvaguardare l\u2019occupazione in Sardegna\u2019."},"content":{"rendered":"\n<p>Cagliari, 28 Mar 2022\u00a0\u2013 \u201cInsieme alla Regione Sicilia, proseguendo un lavoro unitario avviato da tempo per avere la cosiddetta \u2018superinterrompibilit\u00e0\u2019, cio\u00e8 la compensazione sui costi dell'energia, abbiamo predisposto un emendamento al Decreto \u201cMisure urgenti in materia di energia elettrica, gas naturale e fonti rinnovabili\u201d con l\u2019obiettivo della perequazione dei costi energetici tra le aziende che operano nella Penisola e quelle che operano nelle isole maggiori. Proprio oggi, il testo \u00e8 stato approvato all'unanimit\u00e0 dalla commissione tecnica della Commissione Energia della Conferenza Stato-Regione, che coordino in rappresentanza della Regione Sardegna, \u00e8 presto sar\u00e0 sottoposto al vaglio politico\u201d. Lo ha detto l\u2019assessore regionale dell\u2019Industria, Anita Pili, durante l\u2019incontro (in videoconferenza) sui rincari dell\u2019energia e sulle implicazioni che riguardano l\u2019azienda \u2018Portovesme srl\u2019, al quale hanno partecipato il sindaco di Portoscuso, Giorgio Alimonda, i rappresentanti dell\u2019azienda, dei sindacati e di Confindustria.<br>\u201cL\u2019emendamento\u00a0per colmare il gap energetico,\u00a0che propone l\u2019incentivazione della partecipazione dei grandi consumatori industriali agli investimenti in nuova capacit\u00e0 produttiva da fonte rinnovabile e l\u2019aumento dell\u2019autoproduzione per la sostenibilit\u00e0 energetica e risparmi per gli energivori, si \u00e8 reso necessario soprattutto dopo la bocciatura da parte dal Senato di un altro provvedimento \u2013 ha aggiunto l\u2019assessore Pili \u2013 Un problema inasprito anche dalle vicende internazionali che rischia di compromettere gravemente la competitivit\u00e0 delle aziende, soprattutto quelle energivore, che operano nell\u2019Isola, fino al rischio di rendere non pi\u00f9 conveniente la loro attivit\u00e0 industriale con conseguenti gravi costi sociali per l\u2019intero territorio. E\u2019 assolutamente necessario ristabilire un giusto prezzo dell\u2019energia a beneficio di tutte le aziende sarde. Questo l\u2019obiettivo della Regione, da subito impegnata nel sostegno alle aziende colpite dal caro energia, che ha operato attraverso tutti i canali istituzionali, in particolare quelli dove abbiamo un ruolo di responsabilit\u00e0, come la Commissione della Conferenza Stato-Regioni. Inoltre, \u00e8 sempre necessaria l\u2019attivazione di un tavolo tecnico specifico, gi\u00e0 richiesto da tempo ai Ministeri dello Sviluppo economico e della Transizione ecologica, per affrontare un\u2019emergenza che riguarda in particolare la \u2018Portovesme srl\u2019, ma che, individuando le soluzioni, possa dare risposta all\u2019urgenza e al contempo una prospettiva alla continuit\u00e0 della produzione industriale\u201d.<br>\u201cLa differenza di prezzo dell'energia \u2013 ha sottolineato l\u2019assessore regionale del Lavoro, Alessandra Zedda, che ha partecipato all\u2019incontro \u2013 influisce pesantemente sui costi della produzione, che, in un momento di particolare crisi, rischia di avere un impatto devastante sull\u2019occupazione nell\u2019Isola. L\u2019impegno dell\u2019intera Giunta regionale \u00e8 garantito, cos\u00ec da completare il percorso gi\u00e0 avviato con proposte concrete e realizzabili\u201d. Com<\/p>\n","protected":false},"excerpt":{"rendered":"<p>Cagliari, 28 Mar 2022\u00a0\u2013 \u201cInsieme alla Regione Sicilia, proseguendo un lavoro unitario avviato da tempo per avere la cosiddetta \u2018superinterrompibilit\u00e0\u2019, cio\u00e8 la compensazione sui costi&#8230;<\/p>\n","protected":false},"author":2,"featured_media":218871,"comment_status":"closed","ping_status":"open","sticky":false,"template":"","format":"standard","meta":[],"categories":[49,52],"tags":[],"_links":{"self":[{"href":"https:\/\/www.cronacaonline.it\/index.php\/wp-json\/wp\/v2\/posts\/219555"}],"collection":[{"href":"https:\/\/www.cronacaonline.it\/index.php\/wp-json\/wp\/v2\/posts"}],"about":[{"href":"https:\/\/www.cronacaonline.it\/index.php\/wp-json\/wp\/v2\/types\/post"}],"author":[{"embeddable":true,"href":"https:\/\/www.cronacaonline.it\/index.php\/wp-json\/wp\/v2\/users\/2"}],"replies":[{"embeddable":true,"href":"https:\/\/www.cronacaonline.it\/index.php\/wp-json\/wp\/v2\/comments?post=219555"}],"version-history":[{"count":1,"href":"https:\/\/www.cronacaonline.it\/index.php\/wp-json\/wp\/v2\/posts\/219555\/revisions"}],"predecessor-version":[{"id":219556,"href":"https:\/\/www.cronacaonline.it\/index.php\/wp-json\/wp\/v2\/posts\/219555\/revisions\/219556"}],"wp:featuredmedia":[{"embeddable":true,"href":"https:\/\/www.cronacaonline.it\/index.php\/wp-json\/wp\/v2\/media\/218871"}],"wp:attachment":[{"href":"https:\/\/www.cronacaonline.it\/index.php\/wp-json\/wp\/v2\/media?parent=219555"}],"wp:term":[{"taxonomy":"category","embeddable":true,"href":"https:\/\/www.cronacaonline.it\/index.php\/wp-json\/wp\/v2\/categories?post=219555"},{"taxonomy":"post_tag","embeddable":true,"href":"https:\/\/www.cronacaonline.it\/index.php\/wp-json\/wp\/v2\/tags?post=219555"}],"curies":[{"name":"wp","href":"https:\/\/api.w.org\/{rel}","templated":true}]}}