{"id":219470,"date":"2022-03-25T15:07:37","date_gmt":"2022-03-25T14:07:37","guid":{"rendered":"https:\/\/www.cronacaonline.it\/?p=219470"},"modified":"2022-03-25T15:07:40","modified_gmt":"2022-03-25T14:07:40","slug":"conferenza-nazionale-infeas-assessore-lampis-lobiettivo-della-tutela-dellambiente-va-realizzato-anche-attraverso-un-percorso-educativo-e-culturale","status":"publish","type":"post","link":"https:\/\/www.cronacaonline.it\/index.php\/2022\/03\/25\/conferenza-nazionale-infeas-assessore-lampis-lobiettivo-della-tutela-dellambiente-va-realizzato-anche-attraverso-un-percorso-educativo-e-culturale\/","title":{"rendered":"Conferenza nazionale infeas. Assessore Lampis: \u2018l\u2019obiettivo della tutela dell\u2019ambiente va realizzato anche attraverso un percorso educativo e culturale\u2019."},"content":{"rendered":"\n<p>Cagliari,\u00a025 Mar 2022\u00a0\u2013 \u201cDalla Commissione ambiente e sostenibilit\u00e0 della Conferenza delle Regioni verr\u00e0 proposto un testo normativo, da sottoporre al vaglio del Parlamento nazionale, sul tema della sostenibilit\u00e0 ambientale, che diventi strumento di indirizzo delle scelte strategiche nazionali e abbia l\u2019obiettivo del rilancio dell\u2019intero sistema economico\u201d.\u00a0 Lo ha annunciato l\u2019assessore regionale della Difesa dell\u2019ambiente, Gianni Lampis, durante il suo intervento, anche nel ruolo di coordinatore della Commissione della Conferenza delle Regioni, a \u201cNinfeas 2 - Future geografie di sostenibilit\u00e0\u201d, seconda conferenza nazionale dei sistemi Infeas (Informazione e formazione per l\u2019educazione all\u2019ambiente e alla sostenibilit\u00e0), organizzato dal Servizio sostenibilit\u00e0 ambientale valutazione strategica e sistemi informativi (Svasi) dell\u2019Assessorato regionale.<br>\u201cGrazie al lavoro dei tavoli tematici, ricchi di professionalit\u00e0 e competenze \u2013 ha aggiunto l\u2019assessore Lampis \u2013 \u00e8 stato fatto il punto sullo stato dei \u2018sistemi Infeas\u2019 nazionali e regionali ed \u00e8 emerso che sui temi dell\u2019educazione ambientale e della sostenibilit\u00e0 c\u2019\u00e8 ancora tanto da fare, ma che esiste la volont\u00e0 istituzionale di far valere le potenzialit\u00e0 delle reti presenti in ogni Regione, sfruttando le esperienze maturate anche dagli enti locali e dalle istituzioni scolastiche. L\u2019obiettivo della tutela dell\u2019ambiente va realizzato anche attraverso un percorso educativo e culturale. Una sfida decisiva, da affrontare e vincere, avendo come principali destinatari le giovani generazioni, che, grazie al ruolo strategico della scuola, devono acquisire la consapevolezza delle buone pratiche e dei comportamenti corretti. Perci\u00f2, diventa fondamentale, oltre all\u2019azione del Ministero della Transizione ecologica, la collaborazione con quello dell\u2019Istruzione\u201d.<\/p>\n\n\n\n<p>\u201cCome Regione Sardegna stiamo concretizzando percorsi partecipati&nbsp;e condivisi con istituzioni locali&nbsp;e portatori di interesse per approvare importanti strumenti di pianificazione, come la Strategia regionale sullo Sviluppo sostenibile (SrSv), dalla quale, una volta approvata, non si potr\u00e0 pi\u00f9 prescindere. Abbiamo stanziato anche risorse importanti per i \u2018Centri di educazione ambientale\u2019 che affrontano alcuni temi strategici, come, per esempio, il rischio incendi e l\u2019economia circolare riferita alla riduzione della plastica monouso nei litorali. Inoltre, rinnovando il patto di collaborazione col Governo e sollecitando che questo ambizioso obiettivo diventi una priorit\u00e0 per l\u2019agenda nazionale, sar\u00e0 fondamentale confrontarsi sulle prospettive garantite dai fondi del Pnrr relativi all\u2019ambiente e le Regioni saranno protagoniste nelle proposte e nell\u2019attuazione delle scelte sulla sostenibilit\u00e0 ambientale, rappresentando un cardine per un nuovo modello di sviluppo e di investimenti nell\u2019interesse comune ed esclusivo della Nazione\u201d, ha concluso l\u2019esponente della Giunta Sarda. Com<\/p>\n","protected":false},"excerpt":{"rendered":"<p>Cagliari,\u00a025 Mar 2022\u00a0\u2013 \u201cDalla Commissione ambiente e sostenibilit\u00e0 della Conferenza delle Regioni verr\u00e0 proposto un testo normativo, da sottoporre al vaglio del Parlamento nazionale, sul&#8230;<\/p>\n","protected":false},"author":2,"featured_media":218421,"comment_status":"closed","ping_status":"open","sticky":false,"template":"","format":"standard","meta":[],"categories":[49,52],"tags":[],"_links":{"self":[{"href":"https:\/\/www.cronacaonline.it\/index.php\/wp-json\/wp\/v2\/posts\/219470"}],"collection":[{"href":"https:\/\/www.cronacaonline.it\/index.php\/wp-json\/wp\/v2\/posts"}],"about":[{"href":"https:\/\/www.cronacaonline.it\/index.php\/wp-json\/wp\/v2\/types\/post"}],"author":[{"embeddable":true,"href":"https:\/\/www.cronacaonline.it\/index.php\/wp-json\/wp\/v2\/users\/2"}],"replies":[{"embeddable":true,"href":"https:\/\/www.cronacaonline.it\/index.php\/wp-json\/wp\/v2\/comments?post=219470"}],"version-history":[{"count":1,"href":"https:\/\/www.cronacaonline.it\/index.php\/wp-json\/wp\/v2\/posts\/219470\/revisions"}],"predecessor-version":[{"id":219471,"href":"https:\/\/www.cronacaonline.it\/index.php\/wp-json\/wp\/v2\/posts\/219470\/revisions\/219471"}],"wp:featuredmedia":[{"embeddable":true,"href":"https:\/\/www.cronacaonline.it\/index.php\/wp-json\/wp\/v2\/media\/218421"}],"wp:attachment":[{"href":"https:\/\/www.cronacaonline.it\/index.php\/wp-json\/wp\/v2\/media?parent=219470"}],"wp:term":[{"taxonomy":"category","embeddable":true,"href":"https:\/\/www.cronacaonline.it\/index.php\/wp-json\/wp\/v2\/categories?post=219470"},{"taxonomy":"post_tag","embeddable":true,"href":"https:\/\/www.cronacaonline.it\/index.php\/wp-json\/wp\/v2\/tags?post=219470"}],"curies":[{"name":"wp","href":"https:\/\/api.w.org\/{rel}","templated":true}]}}