{"id":219466,"date":"2022-03-25T15:03:08","date_gmt":"2022-03-25T14:03:08","guid":{"rendered":"https:\/\/www.cronacaonline.it\/?p=219466"},"modified":"2022-03-25T15:03:11","modified_gmt":"2022-03-25T14:03:11","slug":"istruzione-its-prorogati-termini-avvio-dei-percorsi-di-formazione-al-15-aprile-2022","status":"publish","type":"post","link":"https:\/\/www.cronacaonline.it\/index.php\/2022\/03\/25\/istruzione-its-prorogati-termini-avvio-dei-percorsi-di-formazione-al-15-aprile-2022\/","title":{"rendered":"Istruzione: its, prorogati termini avvio dei percorsi di formazione al 15 aprile 2022."},"content":{"rendered":"\n<p>Cagliari, 25 Mar 2022 -\u00a0\u00a0Prorogato al 15 aprile 2022 il termine per l'inizio dei percorsi di Istruzione e formazione Tecnica Superiore (ITS) per l\u2019annualit\u00e0 2021, inizialmente fissato al 20 marzo 2022.<\/p>\n\n\n\n<p>Dei ventiquattro percorsi finanziati \u2013 puntualizza l\u2019Assessore alla Pubblica Istruzione, Andrea Biancareddu, diciassette sono regolarmente iniziati nei termini previsti, tra i quali anche 3 percorsi cofinanziati con risorse dello Stato, avviati entro il 31 dicembre 2021 in adempimento alle normative nazionali del settore.<\/p>\n\n\n\n<p>Altri sette percorsi hanno invece riscontrato difficolt\u00e0 nella fase dell'orientamento. Questo \u00e8 dovuto a molteplici cause, tra le quali la distribuzione dei percorsi in tutto il territorio regionale, al fine di favorire lo sviluppo di zone interne, nonch\u00e9 le difficolt\u00e0 scaturite dalla necessit\u00e0 di informare i potenziali studenti nell'ambito di percorsi ad alta valenza occupazionale, innovativi e che vedono coinvolte imprese in grado di garantire un significativo ingresso nel mondo del lavoro.<\/p>\n\n\n\n<p>L'Associazione ITS della Sardegna, alla luce di alcune difficolt\u00e0 e necessit\u00e0 evidenziate dalle fondazioni ITS in merito all'avvio delle importanti attivit\u00e0, ha richiesto una proroga dei termini di avvio delle attivit\u00e0 per consentire il positivo completamento delle azioni di selezione degli studenti. Com<\/p>\n","protected":false},"excerpt":{"rendered":"<p>Cagliari, 25 Mar 2022 &#8211;\u00a0\u00a0Prorogato al 15 aprile 2022 il termine per l&#8217;inizio dei percorsi di Istruzione e formazione Tecnica Superiore (ITS) per l\u2019annualit\u00e0 2021,&#8230;<\/p>\n","protected":false},"author":2,"featured_media":196029,"comment_status":"closed","ping_status":"open","sticky":false,"template":"","format":"standard","meta":[],"categories":[49,52],"tags":[],"_links":{"self":[{"href":"https:\/\/www.cronacaonline.it\/index.php\/wp-json\/wp\/v2\/posts\/219466"}],"collection":[{"href":"https:\/\/www.cronacaonline.it\/index.php\/wp-json\/wp\/v2\/posts"}],"about":[{"href":"https:\/\/www.cronacaonline.it\/index.php\/wp-json\/wp\/v2\/types\/post"}],"author":[{"embeddable":true,"href":"https:\/\/www.cronacaonline.it\/index.php\/wp-json\/wp\/v2\/users\/2"}],"replies":[{"embeddable":true,"href":"https:\/\/www.cronacaonline.it\/index.php\/wp-json\/wp\/v2\/comments?post=219466"}],"version-history":[{"count":1,"href":"https:\/\/www.cronacaonline.it\/index.php\/wp-json\/wp\/v2\/posts\/219466\/revisions"}],"predecessor-version":[{"id":219467,"href":"https:\/\/www.cronacaonline.it\/index.php\/wp-json\/wp\/v2\/posts\/219466\/revisions\/219467"}],"wp:featuredmedia":[{"embeddable":true,"href":"https:\/\/www.cronacaonline.it\/index.php\/wp-json\/wp\/v2\/media\/196029"}],"wp:attachment":[{"href":"https:\/\/www.cronacaonline.it\/index.php\/wp-json\/wp\/v2\/media?parent=219466"}],"wp:term":[{"taxonomy":"category","embeddable":true,"href":"https:\/\/www.cronacaonline.it\/index.php\/wp-json\/wp\/v2\/categories?post=219466"},{"taxonomy":"post_tag","embeddable":true,"href":"https:\/\/www.cronacaonline.it\/index.php\/wp-json\/wp\/v2\/tags?post=219466"}],"curies":[{"name":"wp","href":"https:\/\/api.w.org\/{rel}","templated":true}]}}