{"id":219464,"date":"2022-03-25T15:01:44","date_gmt":"2022-03-25T14:01:44","guid":{"rendered":"https:\/\/www.cronacaonline.it\/?p=219464"},"modified":"2022-03-25T15:01:50","modified_gmt":"2022-03-25T14:01:50","slug":"lavoro-ai-nastri-di-partenza-il-primo-bando-per-lacquisizione-e-rinnovo-delle-patenti-c-e-cqc-d-e-cqc-ed-e-isee-ed-eta-anagrafica-i-requisiti-per-i-voucher","status":"publish","type":"post","link":"https:\/\/www.cronacaonline.it\/index.php\/2022\/03\/25\/lavoro-ai-nastri-di-partenza-il-primo-bando-per-lacquisizione-e-rinnovo-delle-patenti-c-e-cqc-d-e-cqc-ed-e-isee-ed-eta-anagrafica-i-requisiti-per-i-voucher\/","title":{"rendered":"Lavoro, ai nastri di partenza il primo bando per l\u2019acquisizione e rinnovo delle patenti C E Cqc, D E Cqc ed E. Isee ed et\u00e0 anagrafica i requisiti per i voucher."},"content":{"rendered":"\n<p>Cagliari, 25 Mar 2022 \u2013\u00a0Ai nastri di partenza il primo bando per l\u2019acquisizione e il rinnovo delle patenti C E CQC, D E CQC ED E, con l\u2019introduzione di\u00a0criteri equi e oggettivi per i voucher. Nessuna formula click day n\u00e9 un criterio di ordine cronologico di presentazione delle istanze: l\u2019elenco dei beneficiari verr\u00e0 individuato in base all'ISEE, attribuendo (a parit\u00e0 di reddito) quale requisito preferenziale la minore et\u00e0 anagrafica. \u00c8 quanto deciso ieri dalla Giunta\u00a0su proposta dell\u2019Assessore del Lavoro, Alessandra Zedda, che considera l\u2019aggiornamento delle disposizioni attuative del finanziamento di percorsi formativi mirati all'ottenimento delle patenti una \u201culteriore garanzia di efficacia della misura e un atto di equit\u00e0 sociale\u201d. A questo primo bando ne seguiranno altri finalizzati ad abbracciare l\u2019intero bacino di interessati andando a \u2018recuperare\u2019 anche gli esclusi. \u00c8 quindi una prima azione della Regione volta a soddisfare una esigenza particolarmente sentita.<\/p>\n\n\n\n<p>\u201cAvevamo come obiettivo primario quello di sostenere i cittadini nella fruizione delle nuove misure con particolare attenzione ai soggetti pi\u00f9 svantaggiati e ora, in un momento particolarmente difficile per la nostra economia, interveniamo ancora per dare una risposta concreta che va ancor pi\u00f9 in quella direzione, mettendo a disposizione un Avviso efficace nei contenuti ed equo nei criteri\u201d, ha spiegato l\u2019esponente della Giunta Sarda. Entra quindi nel vivo un\u2019altra delle misure disposte dall\u2019Assessorato del Lavoro per favorire l\u2019occupazione e generare nuove opportunit\u00e0 attraverso percorsi formativi mirati. L\u2019Agenzia sarda per le politiche attive del lavoro, Aspal, \u00e8 infatti pronta per procedere alla pubblicazione dell\u2019avviso pubblico per la presentazione delle domande da parte dei disoccupati e delle disoccupate gi\u00e0 in possesso almeno di una patente superiore C o D. Con l\u2019utilizzo dell\u2019indicatore Isee e delle anagrafiche quali criteri privilegiati, il beneficio regionale (importo massimo 3500 euro) verr\u00e0 quindi destinato ai segmenti di popolazione in condizione di maggiore bisogno con evidenti ricadute di carattere sociale ed economico. \"Con questo provvedimento \u2013 ha proseguito l\u2019Assessore Zedda - facciamo realmente incontrare domanda e offerta dando una risposta concreta al fabbisogno delle aziende di trasporto e logistica e offrendo nuove possibilit\u00e0 formative a chi in questo momento non ha un lavoro stabile\u201d. Com<\/p>\n","protected":false},"excerpt":{"rendered":"<p>Cagliari, 25 Mar 2022 \u2013\u00a0Ai nastri di partenza il primo bando per l\u2019acquisizione e il rinnovo delle patenti C E CQC, D E CQC ED&#8230;<\/p>\n","protected":false},"author":2,"featured_media":215619,"comment_status":"closed","ping_status":"open","sticky":false,"template":"","format":"standard","meta":[],"categories":[49,52],"tags":[],"_links":{"self":[{"href":"https:\/\/www.cronacaonline.it\/index.php\/wp-json\/wp\/v2\/posts\/219464"}],"collection":[{"href":"https:\/\/www.cronacaonline.it\/index.php\/wp-json\/wp\/v2\/posts"}],"about":[{"href":"https:\/\/www.cronacaonline.it\/index.php\/wp-json\/wp\/v2\/types\/post"}],"author":[{"embeddable":true,"href":"https:\/\/www.cronacaonline.it\/index.php\/wp-json\/wp\/v2\/users\/2"}],"replies":[{"embeddable":true,"href":"https:\/\/www.cronacaonline.it\/index.php\/wp-json\/wp\/v2\/comments?post=219464"}],"version-history":[{"count":1,"href":"https:\/\/www.cronacaonline.it\/index.php\/wp-json\/wp\/v2\/posts\/219464\/revisions"}],"predecessor-version":[{"id":219465,"href":"https:\/\/www.cronacaonline.it\/index.php\/wp-json\/wp\/v2\/posts\/219464\/revisions\/219465"}],"wp:featuredmedia":[{"embeddable":true,"href":"https:\/\/www.cronacaonline.it\/index.php\/wp-json\/wp\/v2\/media\/215619"}],"wp:attachment":[{"href":"https:\/\/www.cronacaonline.it\/index.php\/wp-json\/wp\/v2\/media?parent=219464"}],"wp:term":[{"taxonomy":"category","embeddable":true,"href":"https:\/\/www.cronacaonline.it\/index.php\/wp-json\/wp\/v2\/categories?post=219464"},{"taxonomy":"post_tag","embeddable":true,"href":"https:\/\/www.cronacaonline.it\/index.php\/wp-json\/wp\/v2\/tags?post=219464"}],"curies":[{"name":"wp","href":"https:\/\/api.w.org\/{rel}","templated":true}]}}