{"id":219462,"date":"2022-03-25T14:58:39","date_gmt":"2022-03-25T13:58:39","guid":{"rendered":"https:\/\/www.cronacaonline.it\/?p=219462"},"modified":"2022-03-25T14:58:41","modified_gmt":"2022-03-25T13:58:41","slug":"edilizia-residenziale-pubblica-assessore-salaris-comincia-liter-di-revisione-della-legge-il-presidente-della-regione-sardegna-risposta-concreta-per-le-fasce-deboli-e-le-famiglie","status":"publish","type":"post","link":"https:\/\/www.cronacaonline.it\/index.php\/2022\/03\/25\/edilizia-residenziale-pubblica-assessore-salaris-comincia-liter-di-revisione-della-legge-il-presidente-della-regione-sardegna-risposta-concreta-per-le-fasce-deboli-e-le-famiglie\/","title":{"rendered":"Edilizia residenziale pubblica, Assessore Salaris: comincia l\u2019iter di revisione della legge. Il presidente della Regione Sardegna: \u201crisposta concreta per le fasce deboli e le famiglie svantaggiate\u201d."},"content":{"rendered":"\n<p>Cagliari, 25 Mar 2022 \u2013\u00a0\u201cLa riforma sull\u2019edilizia residenziale pubblica oltre ad essere un importante strumento di riequilibrio dei tessuti urbani, rappresenta quel salto di qualit\u00e0 che il settore dell\u2019edilizia residenziale pubblica attendeva da tempo. Nella formulazione del nuovo testo abbiamo agito secondo criteri di equit\u00e0 sociale, chiarezza normativa e semplificazione amministrativa, adattati all\u2019attuale contesto sociale e con una forte attenzione per le fasce pi\u00f9 deboli e per le famiglie pi\u00f9 svantaggiate\u201d.<\/p>\n\n\n\n<p>Lo afferma in un comunicato il Presidente della Regione, Christian Solinas, in riferimento al disegno di legge approvato dalla Giunta, che introduce le nuove norme in materia di assegnazione e gestione degli alloggi di edilizia residenziale pubblica e che ieri ha cominciato l\u2019iter nella IV Commissione regionale \u2018Governo del territorio\u2019.<\/p>\n\n\n\n<p>\u00c8 quindi di fatto partito il processo di revisione della legge regionale 13 del 1989. Il testo \u00e8 stato presentato dall\u2019Assessore dei Lavori Pubblici, Aldo Salaris, che ha parlato di \u201crisposta concreta ai bisogni dei cittadini sardi, che interviene a distanza di trent\u2019anni su un settore ad elevato impatto sociale per correggere quelle storture che ancora oggi contribuiscono ad alimentare il disagio abitativo\u201d. \u201cIntervenendo a livello normativo \u2013 ha proseguito l\u2019esponente della Giunta Solinas -&nbsp;&nbsp;introduciamo criteri di equit\u00e0 e giustizia sociale che una legge obsoleta come quella ancora in vigore non assicurava perch\u00e9 non pi\u00f9 rispondente alle esigenze di una societ\u00e0 diversa, pi\u00f9 moderna e in continua evoluzione\u201d.<\/p>\n\n\n\n<p>La nuova norma, cos\u00ec come illustrata dall\u2019Assessore Salaris, ridisegna le funzioni dei vari soggetti interessati (Regione, Comuni e Azienda regionale per l\u2019edilizia abitativa, Area) e migliora i diversi procedimenti che vanno dalla predisposizione delle graduatorie alla decadenza dell\u2019assegnazione, alla mobilit\u00e0, fino alla determinazione del canone. Tra gli obiettivi che hanno spinto la Regione a procedere con il nuovo disegno di legge, di primaria importanza \u00e8 la riduzione del disagio abitativo dei nuclei familiari svantaggiati che non sono in grado di accedere alla locazione di alloggi nel libero mercato. Di fondamentale importanza sono anche la volont\u00e0 di introdurre pi\u00f9 stringenti regole di accesso basate su una rigorosa valutazione dei requisiti e delle condizioni sociali delle famiglie, oltre che di permanenza negli alloggi per evitare situazioni di privilegio; prevenire possibili abusi e speculazioni (ad esempio sublocazioni, morosit\u00e0, decadenza, sottoutilizzo, mancata occupazione); assumere come parametro di valutazione della situazione socio-economica l\u2019indicatore della situazione economica equivalente, ISEE; assicurare garanzie per l\u2019utenza (partecipazione, gestione comune dei beni, mobilit\u00e0).<\/p>\n\n\n\n<p>Alla definizione del testo approvato dalla Giunta regionale si \u00e8 arrivati al termine di un articolato confronto con le categorie interessate e le organizzazioni sindacali e a conclusione di un profondo lavoro di studio che ha portato a&nbsp;una semplificazione normativa e all\u2019abrogazione di numerose disposizioni regionali.<\/p>\n\n\n\n<p>In particolare, tra le innovazioni pi\u00f9 rilevanti, viene introdotto il limite economico per l\u2019accesso e per il mantenimento dei requisiti e vengono inseriti i piani speciali di edilizia residenziale pubblica a favore di anziani e portatori di handicap; prevista la programmazione di nuovi interventi di edilizia residenziale pubblica; la previsione di un potere sostitutivo con la nomina di un commissario ad acta da parte dell\u2019amministrazione regionale nei confronti dell\u2019Ente gestore; la previsione per un Comune che non disponga di alloggi da assegnare, della possibilit\u00e0 di fruire di alloggi ricompresi nello stesso ambito ottimale d\u2019utenza; il trasferimento facoltativo degli alloggi dai Comuni all\u2019AREA da effettuarsi tramite apposita convenzione con l\u2019Assessorato dei Lavori Pubblici. Com<\/p>\n","protected":false},"excerpt":{"rendered":"<p>Cagliari, 25 Mar 2022 \u2013\u00a0\u201cLa riforma sull\u2019edilizia residenziale pubblica oltre ad essere un importante strumento di riequilibrio dei tessuti urbani, rappresenta quel salto di qualit\u00e0&#8230;<\/p>\n","protected":false},"author":2,"featured_media":208753,"comment_status":"closed","ping_status":"open","sticky":false,"template":"","format":"standard","meta":[],"categories":[49,52],"tags":[],"_links":{"self":[{"href":"https:\/\/www.cronacaonline.it\/index.php\/wp-json\/wp\/v2\/posts\/219462"}],"collection":[{"href":"https:\/\/www.cronacaonline.it\/index.php\/wp-json\/wp\/v2\/posts"}],"about":[{"href":"https:\/\/www.cronacaonline.it\/index.php\/wp-json\/wp\/v2\/types\/post"}],"author":[{"embeddable":true,"href":"https:\/\/www.cronacaonline.it\/index.php\/wp-json\/wp\/v2\/users\/2"}],"replies":[{"embeddable":true,"href":"https:\/\/www.cronacaonline.it\/index.php\/wp-json\/wp\/v2\/comments?post=219462"}],"version-history":[{"count":1,"href":"https:\/\/www.cronacaonline.it\/index.php\/wp-json\/wp\/v2\/posts\/219462\/revisions"}],"predecessor-version":[{"id":219463,"href":"https:\/\/www.cronacaonline.it\/index.php\/wp-json\/wp\/v2\/posts\/219462\/revisions\/219463"}],"wp:featuredmedia":[{"embeddable":true,"href":"https:\/\/www.cronacaonline.it\/index.php\/wp-json\/wp\/v2\/media\/208753"}],"wp:attachment":[{"href":"https:\/\/www.cronacaonline.it\/index.php\/wp-json\/wp\/v2\/media?parent=219462"}],"wp:term":[{"taxonomy":"category","embeddable":true,"href":"https:\/\/www.cronacaonline.it\/index.php\/wp-json\/wp\/v2\/categories?post=219462"},{"taxonomy":"post_tag","embeddable":true,"href":"https:\/\/www.cronacaonline.it\/index.php\/wp-json\/wp\/v2\/tags?post=219462"}],"curies":[{"name":"wp","href":"https:\/\/api.w.org\/{rel}","templated":true}]}}