{"id":219448,"date":"2022-03-25T11:27:37","date_gmt":"2022-03-25T10:27:37","guid":{"rendered":"https:\/\/www.cronacaonline.it\/?p=219448"},"modified":"2022-03-25T11:27:40","modified_gmt":"2022-03-25T10:27:40","slug":"consorzi-di-bonifica-lassessore-murgia-alla-presentazione-del-comprensorio-uta-nord-opera-importantissima-per-la-comunita-agricola-del-territorio","status":"publish","type":"post","link":"https:\/\/www.cronacaonline.it\/index.php\/2022\/03\/25\/consorzi-di-bonifica-lassessore-murgia-alla-presentazione-del-comprensorio-uta-nord-opera-importantissima-per-la-comunita-agricola-del-territorio\/","title":{"rendered":"Consorzi di bonifica, l\u2019assessore Murgia alla presentazione del comprensorio \u2018Uta Nord\u2019: \u201copera importantissima per la comunit\u00e0 agricola del territorio\u201d."},"content":{"rendered":"\n<p>Cagliari, 25 marzo 2022 -\u00a0\u201cCi sono tutti i presupposti per essere ottimisti sulle concrete possibilit\u00e0 di sviluppo di un\u2019opera importantissima per la comunit\u00e0 agricola del territorio, che attendeva da quasi quarant\u2019anni l\u2019attivazione degli impianti per rivitalizzare l\u2019economia locale. Ora dobbiamo predisporre in tempi brevi nuovi progetti per consentire al nostro sistema agricolo di rilanciare l\u2019attivit\u00e0 produttiva primaria da considerare oggi sempre pi\u00f9 strategica alla luce delle difficolt\u00e0 che il comparto attraversa a causa dell\u2019attuale delicata situazione internazionale\u201d. Lo ha detto l\u2019assessore regionale dell\u2019Agricoltura, Gabriella Murgia, che oggi ha partecipato alla presentazione dei lavori di estensione e riattivazione del comprensorio irriguo \u2018Uta Nord\u2019 del Consorzio di bonifica della Sardegna Meridionale.\u00a0<\/p>\n\n\n\n<p>Il comprensorio di \u2018Uta Nord\u2019, con estensione di 1.727 ettari, \u00e8 stato realizzato dall\u2019ex Ente Autonomo del Flumendosa (ora Enas) e non era mai entrato in esercizio. Il recupero degli impianti si \u00e8 avviato con un finanziamento della Regione al Consorzio di bonifica della Sardegna Meridionale che ha coperto in parte il ripristino dell\u2019impianto esistente finalizzato alla riattivazione del comprensorio. Alla fine del 2019, \u00e8 stato siglato con l\u2019Enas un accordo preliminare al trasferimento gestionale dell\u2019omonimo comprensorio contenente lo stato di consistenza delle opere trasferite.<\/p>\n\n\n\n<p>L\u2019assegnazione del comprensorio irriguo si \u00e8 completata con l\u2019approvazione della delibera della Giunta regionale del 17 aprile 2020, che ha definito l\u2019assegnazione ai Consorzi di Bonifica della Sardegna Meridionale del comprensorio irriguo Uta Nord. Con un successivo decreto del Presidente della Regione, la competenza gestionale delle opere incluse nel distretto \u00e8 stata poi trasferita dall\u2019Ente Acque della Sardegna al Consorzio di Bonifica della Sardegna Meridionale.<\/p>\n\n\n\n<p>\u201cCompletate le opere di verifica avviate due anni fa \u2013 ha spiegato l\u2019assessore Murgia \u2013 ora sono in fase di realizzazione tutte le opere per arrivare a un pieno funzionamento degli impianti, assicurando ad agricoltori e allevatori del territorio di Uta e di Villaspeciosa di beneficiare dell\u2019apporto irriguo proveniente dalla diga del Cixerri. Ritengo che gi\u00e0 questo rappresenti un risultato importante e concreto. Ma l\u2019obiettivo deve essere ancora pi\u00f9 ambizioso. Ora dobbiamo ampliare l\u2019area del comprensorio ed arrivare a raddoppiare le superfici potenzialmente interessate.&nbsp;&nbsp;Per farlo abbiamo la necessit\u00e0 di individuare altre risorse finanziarie\u201d.<\/p>\n\n\n\n<p>\u201cNelle proposte presentate per il prossimo assestamento del bilancio regionale ho inserito il rifinanziamento del Piano regionale di Bonifica previsto dalla legge regionale 6 del 2008 proprio al fine di disporre di una dotazione finanziaria che supporti il consolidamento e l\u2019estendimento degli impianti in diverse aree della Sardegna. Siamo inoltre in piena fase di pianificazione del nuovo Programma di Sviluppo Rurale che metter\u00e0 a disposizione, nel periodo 2023\/2027, risorse importanti per l\u2019infrastrutturazione irrigua del territorio regionale. Confidiamo infine di intercettare ulteriori fondi del Pnrr con il quale sono gi\u00e0 stati finanziati alcuni interventi importanti proposti dai Consorzi di Bonifica della Sardegna\u201d, ha concluso l\u2019esponente della Giunta Sarda. Com<\/p>\n","protected":false},"excerpt":{"rendered":"<p>Cagliari, 25 marzo 2022 &#8211;\u00a0\u201cCi sono tutti i presupposti per essere ottimisti sulle concrete possibilit\u00e0 di sviluppo di un\u2019opera importantissima per la comunit\u00e0 agricola del&#8230;<\/p>\n","protected":false},"author":2,"featured_media":217016,"comment_status":"closed","ping_status":"open","sticky":false,"template":"","format":"standard","meta":[],"categories":[49,52],"tags":[],"_links":{"self":[{"href":"https:\/\/www.cronacaonline.it\/index.php\/wp-json\/wp\/v2\/posts\/219448"}],"collection":[{"href":"https:\/\/www.cronacaonline.it\/index.php\/wp-json\/wp\/v2\/posts"}],"about":[{"href":"https:\/\/www.cronacaonline.it\/index.php\/wp-json\/wp\/v2\/types\/post"}],"author":[{"embeddable":true,"href":"https:\/\/www.cronacaonline.it\/index.php\/wp-json\/wp\/v2\/users\/2"}],"replies":[{"embeddable":true,"href":"https:\/\/www.cronacaonline.it\/index.php\/wp-json\/wp\/v2\/comments?post=219448"}],"version-history":[{"count":1,"href":"https:\/\/www.cronacaonline.it\/index.php\/wp-json\/wp\/v2\/posts\/219448\/revisions"}],"predecessor-version":[{"id":219449,"href":"https:\/\/www.cronacaonline.it\/index.php\/wp-json\/wp\/v2\/posts\/219448\/revisions\/219449"}],"wp:featuredmedia":[{"embeddable":true,"href":"https:\/\/www.cronacaonline.it\/index.php\/wp-json\/wp\/v2\/media\/217016"}],"wp:attachment":[{"href":"https:\/\/www.cronacaonline.it\/index.php\/wp-json\/wp\/v2\/media?parent=219448"}],"wp:term":[{"taxonomy":"category","embeddable":true,"href":"https:\/\/www.cronacaonline.it\/index.php\/wp-json\/wp\/v2\/categories?post=219448"},{"taxonomy":"post_tag","embeddable":true,"href":"https:\/\/www.cronacaonline.it\/index.php\/wp-json\/wp\/v2\/tags?post=219448"}],"curies":[{"name":"wp","href":"https:\/\/api.w.org\/{rel}","templated":true}]}}