{"id":219446,"date":"2022-03-25T10:40:47","date_gmt":"2022-03-25T09:40:47","guid":{"rendered":"https:\/\/www.cronacaonline.it\/?p=219446"},"modified":"2022-03-25T10:40:52","modified_gmt":"2022-03-25T09:40:52","slug":"turismo-domani-sabato-26-marzo-assessore-chessa-al-convegno-identita-cultura-religiosa-e-turismo","status":"publish","type":"post","link":"https:\/\/www.cronacaonline.it\/index.php\/2022\/03\/25\/turismo-domani-sabato-26-marzo-assessore-chessa-al-convegno-identita-cultura-religiosa-e-turismo\/","title":{"rendered":"Turismo, domani (sabato 26 marzo): assessore Chessa al convegno \u201cidentit\u00e0, cultura religiosa e turismo\u201d."},"content":{"rendered":"\n<p>Cagliari, 25 Mar 2022\u00a0\u2013 Domani (sabato 26 marzo), a partire dalle ore 9.30,\u00a0nell\u2019aula magna della Pontificia Facolt\u00e0 Teologica (via Sanjust, 11) a Cagliari,\u00a0l\u2019assessore regionale del Turismo, Gianni Chessa, aprir\u00e0 i lavori e terr\u00e0 le conclusioni\u00a0del convegno regionale \u201cIdentit\u00e0, cultura religiosa e turismo \u2013 Condivisione e prospettive di sviluppo\u201d.<\/p>\n\n\n\n<p>\u201cNel mese di gennaio, la Regione Sardegna ha firmato uno storico protocollo con la Conferenza episcopale sarda sul ruolo dei cammini,&nbsp;dei luoghi di pellegrinaggio e degli itinerari spirituali&nbsp;\u2013&nbsp;ha sottolineato l\u2019assessore Chessa&nbsp;\u2013&nbsp;Grazie al coinvolgimento delle Diocesi, alle loro specificit\u00e0 ecclesiali e territoriali e alla propriet\u00e0 dei luoghi di culto, si potr\u00e0 realizzare una rete integrata che consentir\u00e0 di presentare l\u2019immagine della Sardegna, in tema di turismo culturale-religioso, in modo coordinato e unitario\u201d. Com<\/p>\n","protected":false},"excerpt":{"rendered":"<p>Cagliari, 25 Mar 2022\u00a0\u2013 Domani (sabato 26 marzo), a partire dalle ore 9.30,\u00a0nell\u2019aula magna della Pontificia Facolt\u00e0 Teologica (via Sanjust, 11) a Cagliari,\u00a0l\u2019assessore regionale del&#8230;<\/p>\n","protected":false},"author":2,"featured_media":193993,"comment_status":"closed","ping_status":"open","sticky":false,"template":"","format":"standard","meta":[],"categories":[49,52],"tags":[],"_links":{"self":[{"href":"https:\/\/www.cronacaonline.it\/index.php\/wp-json\/wp\/v2\/posts\/219446"}],"collection":[{"href":"https:\/\/www.cronacaonline.it\/index.php\/wp-json\/wp\/v2\/posts"}],"about":[{"href":"https:\/\/www.cronacaonline.it\/index.php\/wp-json\/wp\/v2\/types\/post"}],"author":[{"embeddable":true,"href":"https:\/\/www.cronacaonline.it\/index.php\/wp-json\/wp\/v2\/users\/2"}],"replies":[{"embeddable":true,"href":"https:\/\/www.cronacaonline.it\/index.php\/wp-json\/wp\/v2\/comments?post=219446"}],"version-history":[{"count":1,"href":"https:\/\/www.cronacaonline.it\/index.php\/wp-json\/wp\/v2\/posts\/219446\/revisions"}],"predecessor-version":[{"id":219447,"href":"https:\/\/www.cronacaonline.it\/index.php\/wp-json\/wp\/v2\/posts\/219446\/revisions\/219447"}],"wp:featuredmedia":[{"embeddable":true,"href":"https:\/\/www.cronacaonline.it\/index.php\/wp-json\/wp\/v2\/media\/193993"}],"wp:attachment":[{"href":"https:\/\/www.cronacaonline.it\/index.php\/wp-json\/wp\/v2\/media?parent=219446"}],"wp:term":[{"taxonomy":"category","embeddable":true,"href":"https:\/\/www.cronacaonline.it\/index.php\/wp-json\/wp\/v2\/categories?post=219446"},{"taxonomy":"post_tag","embeddable":true,"href":"https:\/\/www.cronacaonline.it\/index.php\/wp-json\/wp\/v2\/tags?post=219446"}],"curies":[{"name":"wp","href":"https:\/\/api.w.org\/{rel}","templated":true}]}}