{"id":219444,"date":"2022-03-25T10:38:52","date_gmt":"2022-03-25T09:38:52","guid":{"rendered":"https:\/\/www.cronacaonline.it\/?p=219444"},"modified":"2022-03-25T10:38:55","modified_gmt":"2022-03-25T09:38:55","slug":"bando-garanti-cuccu-idea-sardegna-riapertura-termini-e-illegittima-e-immotivata","status":"publish","type":"post","link":"https:\/\/www.cronacaonline.it\/index.php\/2022\/03\/25\/bando-garanti-cuccu-idea-sardegna-riapertura-termini-e-illegittima-e-immotivata\/","title":{"rendered":"Bando garanti, Cuccu (Idea Sardegna): &#8216;riapertura termini \u00e8 illegittima e immotivata&#8217;."},"content":{"rendered":"\n<p>Cagliari, 25 marzo 2022\u00a0\u2013 \u201cQuando il legislatore viene, di fatto, commissariato e chi dovrebbe essere super partes e garante del rispetto delle regole, dimentica il suo ruolo, si rischia una vera emergenza democratica\u201d.<\/p>\n\n\n\n<p>Lo afferma in una nota la consigliera regionale di \u201cIdea Sardegna\u201d, Carla Cuccu, molto critica sulla decisione del presidente del Consiglio regionale, Michele Pais, di riaprire i termini per la presentazione delle candidature per il Garante dell\u2019infanzia e adolescenza e per quello delle persone sottoposte a misure restrittive della libert\u00e0 personale.<\/p>\n\n\n\n<p>\u201cLa vicenda dei due Garanti \u00e8 paradossale \u2013 spiega la consigliera -, almeno per come la sta gestendo la Presidenza del Consiglio regionale. Il Garante per i detenuti non \u00e8 mai stato nominato, in piena violazione della legge regionale, mentre l\u2019incarico di Garante per l\u2019infanzia \u00e8 vacante da oltre un anno. A pi\u00f9 riprese ho scritto al presidente Pais e sollecitato perch\u00e9 procedesse con la convocazione del Consiglio regionale per scegliere finalmente queste importanti figure, ma nulla \u00e8 accaduto. Per tutta risposta, in queste ore viene pubblicato un bando che riapre i termini per presentare la propria candidatura, perch\u00e9 il presidente ritiene che le domande finora pervenute siano troppo poche. Le motivazioni che la presidenza adduce, e che vengono riportate nel decreto con il bando, non hanno alcun fondamento nelle leggi che hanno istituito e disciplinano le figure dei&nbsp;Garanti.<\/p>\n\n\n\n<p>Il presidente \u2013 accusa ancora Cuccu \u2013 sta andando cos\u00ec ben oltre le prerogative assegnategli dalla normativa, rendendo di fatto illegittima tutta la procedura\u201d. La consigliera di Idea Sardegna conclude con un invito \u2018al ritiro del decreto e al rispetto della legge: si restituisca, finalmente, al Consiglio la libera scelta dei Garanti, senza illegittimi colpi di mano che non possono passare sotto silenzio\u201d.&nbsp;Red<\/p>\n","protected":false},"excerpt":{"rendered":"<p>Cagliari, 25 marzo 2022\u00a0\u2013 \u201cQuando il legislatore viene, di fatto, commissariato e chi dovrebbe essere super partes e garante del rispetto delle regole, dimentica il&#8230;<\/p>\n","protected":false},"author":2,"featured_media":217839,"comment_status":"closed","ping_status":"open","sticky":false,"template":"","format":"standard","meta":[],"categories":[49,52],"tags":[],"_links":{"self":[{"href":"https:\/\/www.cronacaonline.it\/index.php\/wp-json\/wp\/v2\/posts\/219444"}],"collection":[{"href":"https:\/\/www.cronacaonline.it\/index.php\/wp-json\/wp\/v2\/posts"}],"about":[{"href":"https:\/\/www.cronacaonline.it\/index.php\/wp-json\/wp\/v2\/types\/post"}],"author":[{"embeddable":true,"href":"https:\/\/www.cronacaonline.it\/index.php\/wp-json\/wp\/v2\/users\/2"}],"replies":[{"embeddable":true,"href":"https:\/\/www.cronacaonline.it\/index.php\/wp-json\/wp\/v2\/comments?post=219444"}],"version-history":[{"count":1,"href":"https:\/\/www.cronacaonline.it\/index.php\/wp-json\/wp\/v2\/posts\/219444\/revisions"}],"predecessor-version":[{"id":219445,"href":"https:\/\/www.cronacaonline.it\/index.php\/wp-json\/wp\/v2\/posts\/219444\/revisions\/219445"}],"wp:featuredmedia":[{"embeddable":true,"href":"https:\/\/www.cronacaonline.it\/index.php\/wp-json\/wp\/v2\/media\/217839"}],"wp:attachment":[{"href":"https:\/\/www.cronacaonline.it\/index.php\/wp-json\/wp\/v2\/media?parent=219444"}],"wp:term":[{"taxonomy":"category","embeddable":true,"href":"https:\/\/www.cronacaonline.it\/index.php\/wp-json\/wp\/v2\/categories?post=219444"},{"taxonomy":"post_tag","embeddable":true,"href":"https:\/\/www.cronacaonline.it\/index.php\/wp-json\/wp\/v2\/tags?post=219444"}],"curies":[{"name":"wp","href":"https:\/\/api.w.org\/{rel}","templated":true}]}}