{"id":219390,"date":"2022-03-24T15:59:28","date_gmt":"2022-03-24T14:59:28","guid":{"rendered":"https:\/\/www.cronacaonline.it\/?p=219390"},"modified":"2022-03-24T15:59:30","modified_gmt":"2022-03-24T14:59:30","slug":"turismo-assessore-chessa-dalleuropa-53-rotte-verso-cagliari-i-collegamenti-internazionali-decisivi-per-una-forte-ripresa-del-turismo-in-sardegna","status":"publish","type":"post","link":"https:\/\/www.cronacaonline.it\/index.php\/2022\/03\/24\/turismo-assessore-chessa-dalleuropa-53-rotte-verso-cagliari-i-collegamenti-internazionali-decisivi-per-una-forte-ripresa-del-turismo-in-sardegna\/","title":{"rendered":"Turismo, assessore Chessa: \u2018dall&#8217;Europa 53 rotte verso Cagliari. I collegamenti internazionali decisivi per una forte ripresa del turismo in Sardegna\u2019."},"content":{"rendered":"\n<p>Cagliari, 24 Mar 2022 \u2013\u00a0\"Dopo le buone notizie arrivate per le rotte in continuit\u00e0 territoriale, la Sardegna si presenta sul mercato internazionale con 53 collegamenti, oltre ai 38 nazionali, per un totale di 91 rotte, delle quali 15 nuove, in programma dall'aeroporto di Cagliari:\u00a0oltre 18mila voli in programma. Sono numeri che inducono all'ottimismo per una consistente ripresa del traffico aereo, che possa riavvicinare la Sardegna alla cifra record del 2019 con oltre 9 milioni di presenze nei tre aeroporti sardi, dopo un disastroso 2020 e un 2021 incoraggiante, ma contenuto nei numeri\". Lo ha detto l'assessore regionale del Turismo, Gianni Chessa, in occasione della presentazione della \"Summer season 2022\", organizzata dalla Sogaer all'aeroporto di Cagliari.<\/p>\n\n\n\n<p>\u201cDopo l\u2019emergenza sanitaria \u00e8 arrivata la grave situazione internazionale, condizionando pesantemente il mercato del turismo nell\u2019Isola, soprattutto quello proveniente dall\u2019estero, ma sono ottimista e credo che quest\u2019anno possa essere l\u2019anno del rilancio e alcuni effetti li vedremo sin dalle vacanze di Pasqua \u2013 ha aggiunto l\u2019assessore Chessa \u2013 Anche gli ultimi report del settore indicano la Sardegna in ripresa, perci\u00f2 dobbiamo farci trovare pronti con una programmazione di qualit\u00e0, sia in termini di collegamenti aerei che di servizi e di proposte turistiche alternative al mare. La Regione sta investendo molto e l\u2019attivit\u00e0 promozionale \u00e8 stata costante. Non solo con la partecipazione alle migliori fiere internazionali di settore (a breve, saremo a Tel Aviv, poi alla Bit di Milano), ma anche offrendo un ricco calendario di eventi sportivi di livello mondiale, che, oltre alle migliaia di presenze tra atleti e accompagnatori, ha catturato l\u2019attenzione dei media internazionali, e di appuntamenti culturali e identitari, come \u2018Archeologika\u2019 in programma a Cagliari nel prossimo mese di settembre. Senza trascurare le altre forme di turismo, come quello religioso, gastronomico, esperienziale e congressuale. Il sogno di un\u2019isola che vive tutto l\u2019anno di turismo si pu\u00f2 avverare perch\u00e9 la Sardegna \u00e8 in grado di offrire unicit\u00e0 e qualit\u00e0\u201d.<\/p>\n\n\n\n<p>\u201cLe scelte dei grandi vettori e la proficua collaborazione con le societ\u00e0 che gestiscono gli aeroporti sono fondamentali per consolidare un sistema di collegamenti nazionali e internazionali decisivi per un ulteriore sviluppo del turismo in Sardegna e per il conseguimento di un eterno obiettivo: la completa&nbsp;destagionalizzazione&nbsp;dell\u2019offerta turistica\u201d, ha concluso l\u2019esponente della Giunta Sarda. Com<\/p>\n","protected":false},"excerpt":{"rendered":"<p>Cagliari, 24 Mar 2022 \u2013\u00a0&#8220;Dopo le buone notizie arrivate per le rotte in continuit\u00e0 territoriale, la Sardegna si presenta sul mercato internazionale con 53 collegamenti,&#8230;<\/p>\n","protected":false},"author":2,"featured_media":219388,"comment_status":"closed","ping_status":"open","sticky":false,"template":"","format":"standard","meta":[],"categories":[49,52],"tags":[],"_links":{"self":[{"href":"https:\/\/www.cronacaonline.it\/index.php\/wp-json\/wp\/v2\/posts\/219390"}],"collection":[{"href":"https:\/\/www.cronacaonline.it\/index.php\/wp-json\/wp\/v2\/posts"}],"about":[{"href":"https:\/\/www.cronacaonline.it\/index.php\/wp-json\/wp\/v2\/types\/post"}],"author":[{"embeddable":true,"href":"https:\/\/www.cronacaonline.it\/index.php\/wp-json\/wp\/v2\/users\/2"}],"replies":[{"embeddable":true,"href":"https:\/\/www.cronacaonline.it\/index.php\/wp-json\/wp\/v2\/comments?post=219390"}],"version-history":[{"count":1,"href":"https:\/\/www.cronacaonline.it\/index.php\/wp-json\/wp\/v2\/posts\/219390\/revisions"}],"predecessor-version":[{"id":219391,"href":"https:\/\/www.cronacaonline.it\/index.php\/wp-json\/wp\/v2\/posts\/219390\/revisions\/219391"}],"wp:featuredmedia":[{"embeddable":true,"href":"https:\/\/www.cronacaonline.it\/index.php\/wp-json\/wp\/v2\/media\/219388"}],"wp:attachment":[{"href":"https:\/\/www.cronacaonline.it\/index.php\/wp-json\/wp\/v2\/media?parent=219390"}],"wp:term":[{"taxonomy":"category","embeddable":true,"href":"https:\/\/www.cronacaonline.it\/index.php\/wp-json\/wp\/v2\/categories?post=219390"},{"taxonomy":"post_tag","embeddable":true,"href":"https:\/\/www.cronacaonline.it\/index.php\/wp-json\/wp\/v2\/tags?post=219390"}],"curies":[{"name":"wp","href":"https:\/\/api.w.org\/{rel}","templated":true}]}}