{"id":219363,"date":"2022-03-24T06:25:46","date_gmt":"2022-03-24T05:25:46","guid":{"rendered":"https:\/\/www.cronacaonline.it\/?p=219363"},"modified":"2022-03-24T06:26:24","modified_gmt":"2022-03-24T05:26:24","slug":"continuita-territoriale-aerea-il-presidente-regione-sardegna-ora-piu-certezze-per-i-cittadini-e-per-il-turismo-ancora-una-volta-il-silenzio-operoso-ha-portato-frutti-migliori-dei-soliti-sterili-lam","status":"publish","type":"post","link":"https:\/\/www.cronacaonline.it\/index.php\/2022\/03\/24\/continuita-territoriale-aerea-il-presidente-regione-sardegna-ora-piu-certezze-per-i-cittadini-e-per-il-turismo-ancora-una-volta-il-silenzio-operoso-ha-portato-frutti-migliori-dei-soliti-sterili-lam\/","title":{"rendered":"Continuit\u00e0 territoriale aerea, il presidente Regione Sardegna: ora pi\u00f9 certezze per i cittadini e per il turismo. Ancora una volta il silenzio operoso ha portato frutti migliori dei soliti sterili lamenti."},"content":{"rendered":"\n<p>Cagliari, 24 Mar 2022 \u2013\u00a0\u201cQuesta svolta positiva \u00e8 la garanzia della continuit\u00e0 nel servizio aereo, ed \u00e8 la prova che la Regione ha bene operato in tutti questi mesi, predisponendo un sistema di continuit\u00e0 accettato dal mercato e in linea con le regole nazionali ed europee\u201d. Lo ha affermato ieri sera in una nota il Presidente della Regione Sardegna, commentando l\u2019annuncio di Ita Airways di voler operare per un anno sulle rotte in continuit\u00e0 territoriale da e per la Sardegna senza compensazioni.<\/p>\n\n\n\n<p>\u201cTutta l\u2019amministrazione \u2013 prosegue il Presidente \u2013 \u00e8 stata fortemente impegnata per garantire continuit\u00e0 e certezza nel servizio, con un lungo e articolato negoziato con la Commissione europea, con l\u2019aiuto del Ministero e della rappresentanza italiana presso la Commissione, per riportare e garantire la continuit\u00e0 sulle rotte storiche\u201d.<\/p>\n\n\n\n<p>\u201cQuesta nuova prospettiva \u2013 evidenzia il Presidente \u2013 garantisce serenit\u00e0 non solo ai viaggiatori sardi, ma anche agli operatori turistici che possono finalmente programmare il loro lavoro potendo contare su una prospettiva certa e affidabile. \u00c8 la migliore garanzia in vista della prossima stagione turistica \u2013 aggiunge il Presidente Solinas \u2013 a beneficio dell\u2019intero tessuto economico e produttivo della Regione. E suona anche, ancora una volta, come una smentita delle previsioni volutamente catastrofiche di chi ha cercato di piegare un interesse primario della nostra terra alle proprie esigenze di strumentale propaganda politica\u201d.<\/p>\n\n\n\n<p>\u201cSiamo molto soddisfatti \u2013 dice l\u2019assessore ai Trasporti Giorgio Todde \u2013 per aver ottenuto un risultato che conferma il buon lavoro fatto dalla Regione. La manifestazione di interesse di Ita Airways, la compagnia di bandiera, \u00e8 un passo fondamentale per mettere in sicurezza la continuit\u00e0 territoriale garantendo il diritto alla mobilit\u00e0 dei sardi e consentendo la migliore programmazione della stagione turistica da parte di tutti gli operatori\u201d. Com<\/p>\n","protected":false},"excerpt":{"rendered":"<p>Cagliari, 24 Mar 2022 \u2013\u00a0\u201cQuesta svolta positiva \u00e8 la garanzia della continuit\u00e0 nel servizio aereo, ed \u00e8 la prova che la Regione ha bene operato&#8230;<\/p>\n","protected":false},"author":2,"featured_media":213069,"comment_status":"closed","ping_status":"open","sticky":false,"template":"","format":"standard","meta":[],"categories":[49,52],"tags":[],"_links":{"self":[{"href":"https:\/\/www.cronacaonline.it\/index.php\/wp-json\/wp\/v2\/posts\/219363"}],"collection":[{"href":"https:\/\/www.cronacaonline.it\/index.php\/wp-json\/wp\/v2\/posts"}],"about":[{"href":"https:\/\/www.cronacaonline.it\/index.php\/wp-json\/wp\/v2\/types\/post"}],"author":[{"embeddable":true,"href":"https:\/\/www.cronacaonline.it\/index.php\/wp-json\/wp\/v2\/users\/2"}],"replies":[{"embeddable":true,"href":"https:\/\/www.cronacaonline.it\/index.php\/wp-json\/wp\/v2\/comments?post=219363"}],"version-history":[{"count":2,"href":"https:\/\/www.cronacaonline.it\/index.php\/wp-json\/wp\/v2\/posts\/219363\/revisions"}],"predecessor-version":[{"id":219366,"href":"https:\/\/www.cronacaonline.it\/index.php\/wp-json\/wp\/v2\/posts\/219363\/revisions\/219366"}],"wp:featuredmedia":[{"embeddable":true,"href":"https:\/\/www.cronacaonline.it\/index.php\/wp-json\/wp\/v2\/media\/213069"}],"wp:attachment":[{"href":"https:\/\/www.cronacaonline.it\/index.php\/wp-json\/wp\/v2\/media?parent=219363"}],"wp:term":[{"taxonomy":"category","embeddable":true,"href":"https:\/\/www.cronacaonline.it\/index.php\/wp-json\/wp\/v2\/categories?post=219363"},{"taxonomy":"post_tag","embeddable":true,"href":"https:\/\/www.cronacaonline.it\/index.php\/wp-json\/wp\/v2\/tags?post=219363"}],"curies":[{"name":"wp","href":"https:\/\/api.w.org\/{rel}","templated":true}]}}