{"id":219359,"date":"2022-03-23T19:28:40","date_gmt":"2022-03-23T18:28:40","guid":{"rendered":"https:\/\/www.cronacaonline.it\/?p=219359"},"modified":"2022-03-23T19:28:42","modified_gmt":"2022-03-23T18:28:42","slug":"sardegna-e-belgio-nuovi-rapporti-economici-e-imprenditoriali-allinsegna-di-unantica-amicizia-il-presidente-della-regione-christian-solinas-riceve-a-villa-devoto-lambasciat","status":"publish","type":"post","link":"https:\/\/www.cronacaonline.it\/index.php\/2022\/03\/23\/sardegna-e-belgio-nuovi-rapporti-economici-e-imprenditoriali-allinsegna-di-unantica-amicizia-il-presidente-della-regione-christian-solinas-riceve-a-villa-devoto-lambasciat\/","title":{"rendered":"Sardegna e Belgio, nuovi rapporti economici e imprenditoriali all\u2019insegna di un\u2019antica amicizia. Il presidente della regione Christian Solinas riceve a Villa Devoto l\u2019ambasciatore pierre Emmanuel De Bauw."},"content":{"rendered":"\n<p>Cagliari, 23 Mar 2022\u00a0- Un\u2019amicizia antica, consolidata dalla presenza di migliaia di sardi in Belgio e da una significativa presenza belga nella nostra Isola, all\u2019insegna di una perfetta integrazione e cooperazione.<\/p>\n\n\n\n<p>Il Presidente della Regione Christian Solinas ha ricevuto a Villa Devoto l\u2019Ambasciatore del Belgio in Italia, Pierre-Emmanuel De Bauw, accompagnato dalla sua Signora, da Sophie Massag\u00e9, capo della missione economica delle Fiandre, e dal Console Onorario del Belgio a Cagliari, Avvocato Giovanni Dore.<\/p>\n\n\n\n<p>L\u2019Ambasciatore, in Italia dal novembre scorso, ha scelto la Sardegna come meta della prima missione istituzionale del suo mandato.<\/p>\n\n\n\n<p>E\u2019 un\u2019occasione preziosa, ha detto il Presidente Solinas, per consolidare un antico rapporto di amicizia e collaborazione, che oggi pu\u00f2 esprimersi in una sempre pi\u00f9 fitta cooperazione in molteplici campi economici, culturali, accademici.<\/p>\n\n\n\n<p>Progetti di green economy, alta tecnologia, agroalimentare possono coniugarsi con uno sviluppo nel settore turistico, gi\u00e0 forte e qualificato.<\/p>\n\n\n\n<p>Il rapporto tra la Sardegna e il Belgio, ha aggiunto il Presidente Solinas, si \u00e8 rafforzato quando migliaia di nostri conterranei scelsero il Belgio per cercare lavoro e benessere, nel corso della seconda grande ondata di emigrazione dall\u2019Isola, nel secondo dopoguerra.&nbsp;&nbsp;<\/p>\n\n\n\n<p>Oggi la loro perfetta integrazione \u00e8 testimoniata dalla presenza di molti Circoli di Sardi, attraverso i quali anche le seconde e terze generazioni tengono vivo il legame con la Sardegna partecipando attivamente, allo stesso tempo, alla vita sociale, imprenditoriale e culturale del Belgio.<\/p>\n\n\n\n<p>Nel corso dei decenni, ha detto il Presidente, anche la Sardegna ha ospitato un nutrito numero di cittadini del Belgio, che hanno avviato importanti iniziative imprenditoriali in campo turistico, agricolo e immobiliare.<\/p>\n\n\n\n<p>La presenza dei Sardi in Belgio, ha detto l\u2019Ambasciatore, \u00e8 sempre stata e continua ad essere una presenza di qualit\u00e0. Questa visita, da me fortemente desiderata, \u00e8 la base per una intensificazione dei nostri rapporti in vari settori, da quello imprenditoriale, a quello turistico, a quello accade. Com<\/p>\n","protected":false},"excerpt":{"rendered":"<p>Cagliari, 23 Mar 2022\u00a0&#8211; Un\u2019amicizia antica, consolidata dalla presenza di migliaia di sardi in Belgio e da una significativa presenza belga nella nostra Isola, all\u2019insegna&#8230;<\/p>\n","protected":false},"author":2,"featured_media":11707,"comment_status":"closed","ping_status":"open","sticky":false,"template":"","format":"standard","meta":[],"categories":[49,52],"tags":[],"_links":{"self":[{"href":"https:\/\/www.cronacaonline.it\/index.php\/wp-json\/wp\/v2\/posts\/219359"}],"collection":[{"href":"https:\/\/www.cronacaonline.it\/index.php\/wp-json\/wp\/v2\/posts"}],"about":[{"href":"https:\/\/www.cronacaonline.it\/index.php\/wp-json\/wp\/v2\/types\/post"}],"author":[{"embeddable":true,"href":"https:\/\/www.cronacaonline.it\/index.php\/wp-json\/wp\/v2\/users\/2"}],"replies":[{"embeddable":true,"href":"https:\/\/www.cronacaonline.it\/index.php\/wp-json\/wp\/v2\/comments?post=219359"}],"version-history":[{"count":1,"href":"https:\/\/www.cronacaonline.it\/index.php\/wp-json\/wp\/v2\/posts\/219359\/revisions"}],"predecessor-version":[{"id":219360,"href":"https:\/\/www.cronacaonline.it\/index.php\/wp-json\/wp\/v2\/posts\/219359\/revisions\/219360"}],"wp:featuredmedia":[{"embeddable":true,"href":"https:\/\/www.cronacaonline.it\/index.php\/wp-json\/wp\/v2\/media\/11707"}],"wp:attachment":[{"href":"https:\/\/www.cronacaonline.it\/index.php\/wp-json\/wp\/v2\/media?parent=219359"}],"wp:term":[{"taxonomy":"category","embeddable":true,"href":"https:\/\/www.cronacaonline.it\/index.php\/wp-json\/wp\/v2\/categories?post=219359"},{"taxonomy":"post_tag","embeddable":true,"href":"https:\/\/www.cronacaonline.it\/index.php\/wp-json\/wp\/v2\/tags?post=219359"}],"curies":[{"name":"wp","href":"https:\/\/api.w.org\/{rel}","templated":true}]}}