{"id":219340,"date":"2022-03-23T14:38:08","date_gmt":"2022-03-23T13:38:08","guid":{"rendered":"https:\/\/www.cronacaonline.it\/?p=219340"},"modified":"2022-03-23T14:38:11","modified_gmt":"2022-03-23T13:38:11","slug":"ricevuto-in-municipio-dal-sindaco-paolo-truzzu-lambasciatore-del-belgio-in-italia-pierre-emmanuel-de-bauw","status":"publish","type":"post","link":"https:\/\/www.cronacaonline.it\/index.php\/2022\/03\/23\/ricevuto-in-municipio-dal-sindaco-paolo-truzzu-lambasciatore-del-belgio-in-italia-pierre-emmanuel-de-bauw\/","title":{"rendered":"Ricevuto in Municipio dal Sindaco Paolo Truzzu, l&#8217;Ambasciatore del Belgio in Italia, Pierre-Emmanuel De Bauw."},"content":{"rendered":"\n<p>Cagliari, 23 Mar 2022 - Conoscere la realt\u00e0 cagliaritana, i progetti e le sfide per poi condividerle per una crescita comune. Il tutto nato all'interno della visita di cortesia tra istituzioni. Con questi obiettivi si \u00e8 tenuto nella mattina di oggi, mercoled\u00ec 23 marzo 2022, l'incontro in Municipio tra il Sindaco di Cagliari, Paolo Truzzu e l'Ambasciatore del Belgio in Italia, Pierre-Emmanuel De Bauw.<\/p>\n\n\n\n<p>Il primo cittadino del capoluogo sardo ha ricevuto nel suo ufficio al secondo piano del Palazzo Civico di via Roma la delegazione belga, della quale hanno fatto parte anche il Console Onorario del Belgio a Cagliari, Giovanni Dore e Sophie Massag\u00e9, Capo missione economica e commerciale delle Fiandre, Bruxelles-Capitale e La Vallonia.<\/p>\n\n\n\n<p>Un appuntamento che \u00e8 andato oltre uno scambio di saluti e di propositi di futura collaborazione ma che \u00e8 stato importante per gettare le basi per sviluppare un rapporto che possa abbracciare diversi campi. Da quello economico a quello turistico, passando per la valorizzazione dell'ambiente e lo sviluppo in chiave Smart City, tutti temi particolarmente cari sia al Sindaco Truzzu che all'Ambasciatore De Bauw in carica a Roma da sei mesi.<\/p>\n\n\n\n<p>\u201cAvervi qui all'inizio dell'incarico \u00e8 per noi un bel segnale. Cagliari \u2013 ha commentato il Sindaco Truzzu \u2013 ha una buona qualit\u00e0 della vita, un costo medio pi\u00f9 basso rispetto alla media nazionale, aria pulita e il mare, una citt\u00e0 dove si vive bene. E proprio il mare \u00e8 una delle mie scommesse personali come Sindaco perch\u00e9 vorrei creare uno spazio pubblico che vi si affacci. Siamo circondati dal mare ma non abbiamo una piazza che permetta di viverlo meglio\u201d.<\/p>\n\n\n\n<p>La vocazione turistica del capoluogo sardo ha particolarmente incuriosito la delegazione ospite che ha incalzato il primo cittadino con parecchie domande, in modo da capire quali potranno essere i futuri legami per stabilire delle collaborazioni a livello istituzionale.<\/p>\n\n\n\n<p>\u201cParliamo \u2013 ha proseguito Paolo Truzzu \u2013 di una citt\u00e0 che \u00e8 viva nell'innovazione tecnologica, che sta cambiando mentalit\u00e0 dal punto di vista turistico e che si arricchisce di nuove strutture recettive. Stiamo riqualificando il Mercato di San Benedetto, promosso progetti importanti come quello sull'Housing Sociale e l'evoluzione della Smart City. Ma non ci fermiamo\u201d.<\/p>\n\n\n\n<p>Circa duecento le persone di nazionalit\u00e0 belga che vivono in citt\u00e0 e che sono rimaste affascinate dal capoluogo sardo, come confermato dall'Ambasciatore. \u201cAbbiamo una comunit\u00e0 sarda importante in Belgio ma anche la nostra qui da voi \u00e8 ben radicata. E siamo aperti a collaborazioni e scambi per migliorare insieme. Smart City, turismo, cultura, scambi economici, energie rinnovabili, Urban Planning e sviluppo delle citt\u00e0 sono temi cari anche a noi. Su queste basi possiamo lavorare per consolidare i nostri rapporti\u201d.<\/p>\n\n\n\n<p>\u201cNegli ultimi anni \u2013 ha aggiunto Giovanni Dore \u2013 c'\u00e8 stato un fenomeno interessante: alcuni cittadini belgi hanno iniziato a ipotizzare di impostare a Cagliari una vita pi\u00f9 tranquilla, approfittando non solo delle peculiarit\u00e0 della citt\u00e0 ma anche delle condizioni climatiche favorevoli\u201d.<\/p>\n\n\n\n<p>L'incontro, andato avanti per quasi un'ora, si \u00e8 concluso con una stretta di mano tra Paolo Truzzu e Pierre-Emmanuel De Bauw e con l'invito del Sindaco di Cagliari all'Ambasciatore del Belgio a partecipare alla prossima Festa di Sant'Efisio. Com<\/p>\n","protected":false},"excerpt":{"rendered":"<p>Cagliari, 23 Mar 2022 &#8211; Conoscere la realt\u00e0 cagliaritana, i progetti e le sfide per poi condividerle per una crescita comune. Il tutto nato all&#8217;interno&#8230;<\/p>\n","protected":false},"author":2,"featured_media":219342,"comment_status":"closed","ping_status":"open","sticky":false,"template":"","format":"standard","meta":[],"categories":[49,52],"tags":[],"_links":{"self":[{"href":"https:\/\/www.cronacaonline.it\/index.php\/wp-json\/wp\/v2\/posts\/219340"}],"collection":[{"href":"https:\/\/www.cronacaonline.it\/index.php\/wp-json\/wp\/v2\/posts"}],"about":[{"href":"https:\/\/www.cronacaonline.it\/index.php\/wp-json\/wp\/v2\/types\/post"}],"author":[{"embeddable":true,"href":"https:\/\/www.cronacaonline.it\/index.php\/wp-json\/wp\/v2\/users\/2"}],"replies":[{"embeddable":true,"href":"https:\/\/www.cronacaonline.it\/index.php\/wp-json\/wp\/v2\/comments?post=219340"}],"version-history":[{"count":1,"href":"https:\/\/www.cronacaonline.it\/index.php\/wp-json\/wp\/v2\/posts\/219340\/revisions"}],"predecessor-version":[{"id":219343,"href":"https:\/\/www.cronacaonline.it\/index.php\/wp-json\/wp\/v2\/posts\/219340\/revisions\/219343"}],"wp:featuredmedia":[{"embeddable":true,"href":"https:\/\/www.cronacaonline.it\/index.php\/wp-json\/wp\/v2\/media\/219342"}],"wp:attachment":[{"href":"https:\/\/www.cronacaonline.it\/index.php\/wp-json\/wp\/v2\/media?parent=219340"}],"wp:term":[{"taxonomy":"category","embeddable":true,"href":"https:\/\/www.cronacaonline.it\/index.php\/wp-json\/wp\/v2\/categories?post=219340"},{"taxonomy":"post_tag","embeddable":true,"href":"https:\/\/www.cronacaonline.it\/index.php\/wp-json\/wp\/v2\/tags?post=219340"}],"curies":[{"name":"wp","href":"https:\/\/api.w.org\/{rel}","templated":true}]}}