{"id":219337,"date":"2022-03-23T14:35:04","date_gmt":"2022-03-23T13:35:04","guid":{"rendered":"https:\/\/www.cronacaonline.it\/?p=219337"},"modified":"2022-03-23T14:35:06","modified_gmt":"2022-03-23T13:35:06","slug":"protezione-civile-progetto-europeo-medstar-assessore-lampis-a-confronto-le-migliori-e-piu-avanzate-tecniche-di-lotta-agli-incendi-applicate-nellarea-del-mediterr","status":"publish","type":"post","link":"https:\/\/www.cronacaonline.it\/index.php\/2022\/03\/23\/protezione-civile-progetto-europeo-medstar-assessore-lampis-a-confronto-le-migliori-e-piu-avanzate-tecniche-di-lotta-agli-incendi-applicate-nellarea-del-mediterr\/","title":{"rendered":"Protezione civile, progetto europeo \u2018Medstar\u2019. Assessore Lampis: \u2018a confronto le migliori e pi\u00f9 avanzate tecniche di lotta agli incendi applicate nell\u2019area del mediterraneo occidentale\u2019."},"content":{"rendered":"\n<p>Bonorva (SS), 23 Mar 2022\u00a0\u2013\u00a0Ha preso il via, questa mattina, nel bosco comunale di Bonorva, in localit\u00e0 \u201cParco Mariani\u201d, complesso forestale gestito dall\u2019agenzia Forestas, un evento internazionale dedicato allo scambio di esperienze in materia di antincendio, organizzato dalla Protezione civile regionale (capofila del progetto strategico)\u00a0nell'ambito del progetto \"Med-Star - Strategie e misure per la mitigazione del rischio di incendio nell\u2019area Mediterranea\". I partner coinvolti sono espressione delle cinque regioni del programma \u2018Interreg Italia-Francia Marittimo\u2019: Sardegna, Corsica, Toscana, Liguria e Region Paca (Provenza-Alpi-Costa Azzurra). Per la Sardegna partecipa anche il Corpo forestale, l\u2019agenzia regionale Forestas, il Cnr e l\u2019Universit\u00e0 di Sassari e la Fondazione Cmcc (Centro euro-Mediterraneo sui cambiamenti climatici).<\/p>\n\n\n\n<p>\u201cSi tratta di un progetto che punta a potenziare le capacit\u00e0 di previsione, prevenzione e soppressione degli incendi, cos\u00ec da proteggere e valorizzare le risorse ambientali, culturali e turistiche dello spazio marittimo \u2013 ha spiegato l\u2019assessore regionale della Difesa dell\u2019ambiente, Gianni Lampis, con delega alla protezione civile \u2013 Si vuole realizzare un miglioramento delle Istituzioni nella prevenzione e nella gestione, in forma congiunta, del crescente rischio di incendio derivante dai cambiamenti climatici, in aree a elevata presenza antropica e di rilevante interesse naturalistico\u201d.<\/p>\n\n\n\n<p>Nella prima giornata, si parler\u00e0 di \u201cEnergie alternative e nuovi incendi\u201d: verranno illustrate le criticit\u00e0 emerse nella gestione di un incendio che si \u00e8 verificato, nel luglio 2021, all\u2019interno di un parco eolico nelle campagne di Bonorva e che si \u00e8 protratto per due giorni; verr\u00e0 mostrato il sito in cui si \u00e8 sviluppato il fuoco, illustrate le attivit\u00e0 operative e i problemi emersi nella gestione dell\u2019incendio. Nella giornata di domani (gioved\u00ec 24), si terr\u00e0 il convegno \u201cEvoluzione della normativa statale e regionale in materia di Aib. Necessit\u00e0 di un approccio innovativo e di nuovi strumenti di intervento. Esperienze a confronto\u201d, mentre nel pomeriggio ci sar\u00e0 la presentazione di alcuni prototipi prodotti dal Cnr sui simulatori per l\u2019analisi degli incendi.<\/p>\n\n\n\n<p>\u201cPer la Sardegna, il progetto Med-Star rappresenta un\u2019importante opportunit\u00e0 di confronto e sviluppo di nuove strategie \u2013 ha aggiunto l\u2019assessore Lampis \u2013 L\u2019incendio del Montiferru, sviluppatosi nel luglio scorso e che ha interessato la vasta area tra Santu Lussurgiu, Cuglieri e Tresnuraghes, \u00e8 la prova che i cambiamenti climatici hanno reso necessaria una modifica di strategia. La Sardegna per decenni \u00e8 stata un punto di riferimento a livello europeo per le capacit\u00e0 organizzative, le professionalit\u00e0 e la qualit\u00e0 della normativa antincendio. Ma i cambiamenti climatici stanno creando condizioni tali da produrre megaincendi che non \u00e8 possibile affrontare con le tecniche di lotta tradizionali. Nelle due giornate metteremo a confronto le migliori e pi\u00f9 avanzate tecniche di lotta agli incendi applicate o in corso di sperimentazione nell\u2019area del Mediterraneo occidentale con le difficolt\u00e0 operative riscontrate e con le opportunit\u00e0 derivanti dalla novazione legislativa\u201d.&nbsp;Com<\/p>\n","protected":false},"excerpt":{"rendered":"<p>Bonorva (SS), 23 Mar 2022\u00a0\u2013\u00a0Ha preso il via, questa mattina, nel bosco comunale di Bonorva, in localit\u00e0 \u201cParco Mariani\u201d, complesso forestale gestito dall\u2019agenzia Forestas, un&#8230;<\/p>\n","protected":false},"author":2,"featured_media":219338,"comment_status":"closed","ping_status":"open","sticky":false,"template":"","format":"standard","meta":[],"categories":[49,52],"tags":[],"_links":{"self":[{"href":"https:\/\/www.cronacaonline.it\/index.php\/wp-json\/wp\/v2\/posts\/219337"}],"collection":[{"href":"https:\/\/www.cronacaonline.it\/index.php\/wp-json\/wp\/v2\/posts"}],"about":[{"href":"https:\/\/www.cronacaonline.it\/index.php\/wp-json\/wp\/v2\/types\/post"}],"author":[{"embeddable":true,"href":"https:\/\/www.cronacaonline.it\/index.php\/wp-json\/wp\/v2\/users\/2"}],"replies":[{"embeddable":true,"href":"https:\/\/www.cronacaonline.it\/index.php\/wp-json\/wp\/v2\/comments?post=219337"}],"version-history":[{"count":1,"href":"https:\/\/www.cronacaonline.it\/index.php\/wp-json\/wp\/v2\/posts\/219337\/revisions"}],"predecessor-version":[{"id":219339,"href":"https:\/\/www.cronacaonline.it\/index.php\/wp-json\/wp\/v2\/posts\/219337\/revisions\/219339"}],"wp:featuredmedia":[{"embeddable":true,"href":"https:\/\/www.cronacaonline.it\/index.php\/wp-json\/wp\/v2\/media\/219338"}],"wp:attachment":[{"href":"https:\/\/www.cronacaonline.it\/index.php\/wp-json\/wp\/v2\/media?parent=219337"}],"wp:term":[{"taxonomy":"category","embeddable":true,"href":"https:\/\/www.cronacaonline.it\/index.php\/wp-json\/wp\/v2\/categories?post=219337"},{"taxonomy":"post_tag","embeddable":true,"href":"https:\/\/www.cronacaonline.it\/index.php\/wp-json\/wp\/v2\/tags?post=219337"}],"curies":[{"name":"wp","href":"https:\/\/api.w.org\/{rel}","templated":true}]}}