{"id":219335,"date":"2022-03-23T12:15:21","date_gmt":"2022-03-23T11:15:21","guid":{"rendered":"https:\/\/www.cronacaonline.it\/?p=219335"},"modified":"2022-03-23T12:15:24","modified_gmt":"2022-03-23T11:15:24","slug":"la-regione-abbatte-i-tempi-della-burocrazia-e-garantisce-certezze-ai-cittadini-emanata-dal-segretario-generale-francesco-scano-la-direttiva-sul-rispetto-dei-tempi-nei-procedimenti-amministrativi","status":"publish","type":"post","link":"https:\/\/www.cronacaonline.it\/index.php\/2022\/03\/23\/la-regione-abbatte-i-tempi-della-burocrazia-e-garantisce-certezze-ai-cittadini-emanata-dal-segretario-generale-francesco-scano-la-direttiva-sul-rispetto-dei-tempi-nei-procedimenti-amministrativi\/","title":{"rendered":"La regione abbatte i tempi della burocrazia e garantisce certezze ai cittadini. Emanata dal segretario generale Francesco Scano la direttiva sul rispetto dei tempi nei procedimenti amministrativi."},"content":{"rendered":"\n<p>Cagliari, 23 Mar 2022 \u2013\u00a0Tempi certi nella conclusione dei procedimenti amministrativi e risposte rapide alle istanze avanzate da cittadini e imprese. Con la direttiva emanata dal Segretario Generale Francesco Scano su disposizione del Presidente Christian Solinas, la Regione combatte i tempi burocratici e l\u2019incertezza sull\u2019iter e sull\u2019esito delle pratiche, fornendo indicazioni comuni a tutti gli uffici e agli Enti del sistema Regione sulla definizione degli esiti dei procedimenti e sulle conseguenze, a danno del personale responsabile, nel caso in cui i tempi non vengano rispettati.<\/p>\n\n\n\n<p>\u201cInterveniamo con decisione per eliminare alla radice le troppe lentezze burocratiche con le quali i cittadini, troppo spesso, si sono scontrati, percependo un sentimento di lontananza, se non di ostilit\u00e0, da parte della pubblica amministrazione\u201d, ha detto il Presidente. \u201cL\u2019obiettivo \u2013 prosegue \u00e8 quello di tutelare gli interessi dei cittadini e delle imprese sarde, in modo da scongiurare i danni derivanti dai ritardi nell\u2019espletamento delle pratiche, ed evitare possibili pregiudizi anche per l\u2019interesse pubblico: il tardivo avvio di una attivit\u00e0 imprenditoriale, i ritardi nell\u2019erogazione di un servizio pubblico di particolare importanza per i cittadini sono, in questo senso, due esempi emblematici degli effetti dannosi di un sistema poco efficiente. Il fattore tempo pu\u00f2 essere decisivo in caso di provvedimenti \u2018sensibili\u2019 come l\u2019erogazione di un contributo pubblico, che pu\u00f2 cambiare il corso e lo stato di salute di un\u2019attivit\u00e0 se erogato in ritardo o pu\u00f2, addirittura, essere causa di fallimento dell\u2019impresa, se non perfezionato nei tempi prestabiliti. Da qui - prosegue - la necessit\u00e0 di anteporre i diritti dei cittadini alle lungaggini burocratiche e ai problemi organizzativi delle strutture amministrative regionali che, aggravati dall\u2019epidemia Covid, hanno spinto la Regione all\u2019adozione di nuovi modelli operativi e di nuove modalit\u00e0 di organizzazione del lavoro, necessari per l\u2019esercizio delle funzioni amministrative e per arginare gli effetti della crisi e scongiurare la paralisi del sistema\u201d.<\/p>\n\n\n\n<p>\u201cUn\u2019azione amministrativa efficace ed efficiente si traduce in miglior servizio ai cittadini e alle imprese, che hanno sempre diritto a ottenere una risposta alle loro istanze, fondate o meno, entro i termini stabiliti dalle norme di legge o di regolamento\u201d, evidenzia il Presidente, richiamando l\u2019obbligo di conclusione del procedimento in 30 giorni (salvo diversa disposizione di legge) a partire dall\u2019inizio del procedimento d\u2019ufficio o dal ricevimento della domanda se il procedimento \u00e8 ad iniziativa di parte.<\/p>\n\n\n\n<p>\u201cCon questa direttiva si individuano i titolari del procedimento e i termini di inizio e fine dell\u2019atto, con l\u2019obiettivo di assicurare attenzione e tutela sempre maggiori verso le imprese e i cittadini - spiega il Segretario Generale Francesco Scano - Il mancato avvio o conclusione del procedimento nel termine previsto da parte del titolare dell'ufficio competente comporta responsabilit\u00e0 dirigenziale, responsabilit\u00e0 disciplinare e anche responsabilit\u00e0 amministrativo-patrimoniale. I termini possono essere sospesi per una sola volta e per un periodo non superiore a trenta giorni per le sole ipotesi tassative di acquisizione di informazioni o certificazioni. \u201cRispetto dei termini del procedimento a tutela dei diritti e delle prerogative del cittadino sono i punti cardine della Direttiva \u2013 ha proseguito il Segretario generale - che chiarisce le disposizioni da applicare e le conseguenze in caso di mancata o inesatta applicazione delle norme sui termini del procedimento amministrativo in tutte le sue eccezioni. Un atto di giustizia e una forma di tutela nei confronti di ogni cittadino e cittadina sardi e di ogni impresa che contribuisce allo sviluppo economico della nostra Isola\u201d.<\/p>\n\n\n\n<p>\u201cIl principio a monte -&nbsp; precisa ancora il Dottor Scano - \u00e8 la corretta attuazione degli obiettivi di semplificazione e speditezza dell\u2019azione amministrativa, garantiti dall\u2019ordinamento e ribaditi dal Presidente Solinas nel proprio programma di inizio mandato. Anche per questo, fin dall\u2019atto del mio insediamento, ho focalizzato insieme al Presidente gli obiettivi dell\u2019attivit\u00e0 e dell\u2019impegno necessari per il miglioramento e l\u2019implementazione di protocolli procedurali uniformi e dei processi organizzativi dell\u2019amministrazione regionale, verificandone l'effettiva applicazione\u201d. Il lavoro portato avanti dal Segretario generale coinvolge l\u2019Amministrazione nel suo complesso, quindi Regione, agenzie ed Enti e oltre a rappresentare un importantissimo elemento di novit\u00e0 nei rapporti tra Amministrazione e cittadini \u00e8 il fulcro dell\u2019azione riformatrice che riconosce nel fattore tempo l\u2019elemento centrale per la tutela dei diritti di cittadini e imprese. \u201cLa Direttiva, chiarendo compiutamente i termini del procedimento amministrativo in tutte le sue accezioni,&nbsp;esprime una risposta concreta a quella che era ed \u00e8 l\u2019esigenza&nbsp;pi\u00f9 sentita: accelerare il processo per arrivare a una Regione sempre pi\u00f9 efficiente e al servizio delle richieste del cittadino, capace di fornire risposte immediate, dirette ed efficaci alla comunit\u00e0\u201d, ha concluso il Segretario generale. Com<\/p>\n","protected":false},"excerpt":{"rendered":"<p>Cagliari, 23 Mar 2022 \u2013\u00a0Tempi certi nella conclusione dei procedimenti amministrativi e risposte rapide alle istanze avanzate da cittadini e imprese. Con la direttiva emanata&#8230;<\/p>\n","protected":false},"author":2,"featured_media":187129,"comment_status":"closed","ping_status":"open","sticky":false,"template":"","format":"standard","meta":[],"categories":[49,52],"tags":[],"_links":{"self":[{"href":"https:\/\/www.cronacaonline.it\/index.php\/wp-json\/wp\/v2\/posts\/219335"}],"collection":[{"href":"https:\/\/www.cronacaonline.it\/index.php\/wp-json\/wp\/v2\/posts"}],"about":[{"href":"https:\/\/www.cronacaonline.it\/index.php\/wp-json\/wp\/v2\/types\/post"}],"author":[{"embeddable":true,"href":"https:\/\/www.cronacaonline.it\/index.php\/wp-json\/wp\/v2\/users\/2"}],"replies":[{"embeddable":true,"href":"https:\/\/www.cronacaonline.it\/index.php\/wp-json\/wp\/v2\/comments?post=219335"}],"version-history":[{"count":1,"href":"https:\/\/www.cronacaonline.it\/index.php\/wp-json\/wp\/v2\/posts\/219335\/revisions"}],"predecessor-version":[{"id":219336,"href":"https:\/\/www.cronacaonline.it\/index.php\/wp-json\/wp\/v2\/posts\/219335\/revisions\/219336"}],"wp:featuredmedia":[{"embeddable":true,"href":"https:\/\/www.cronacaonline.it\/index.php\/wp-json\/wp\/v2\/media\/187129"}],"wp:attachment":[{"href":"https:\/\/www.cronacaonline.it\/index.php\/wp-json\/wp\/v2\/media?parent=219335"}],"wp:term":[{"taxonomy":"category","embeddable":true,"href":"https:\/\/www.cronacaonline.it\/index.php\/wp-json\/wp\/v2\/categories?post=219335"},{"taxonomy":"post_tag","embeddable":true,"href":"https:\/\/www.cronacaonline.it\/index.php\/wp-json\/wp\/v2\/tags?post=219335"}],"curies":[{"name":"wp","href":"https:\/\/api.w.org\/{rel}","templated":true}]}}