{"id":219318,"date":"2022-03-23T10:03:59","date_gmt":"2022-03-23T09:03:59","guid":{"rendered":"https:\/\/www.cronacaonline.it\/?p=219318"},"modified":"2022-03-23T10:04:02","modified_gmt":"2022-03-23T09:04:02","slug":"ambiente-giovedi-24-e-venerdi-25-conferenza-nazionale-infeas-assessore-lampis-promuovere-il-confronto-su-ruolo-e-significato-delleducazione-alla-sostenibilita","status":"publish","type":"post","link":"https:\/\/www.cronacaonline.it\/index.php\/2022\/03\/23\/ambiente-giovedi-24-e-venerdi-25-conferenza-nazionale-infeas-assessore-lampis-promuovere-il-confronto-su-ruolo-e-significato-delleducazione-alla-sostenibilita\/","title":{"rendered":"Ambiente, gioved\u00ec 24 e venerd\u00ec 25: conferenza nazionale Infeas. Assessore Lampis: \u2018promuovere il confronto su ruolo e significato dell\u2019educazione alla sostenibilit\u00e0\u2019."},"content":{"rendered":"\n<p>Cagliari, 23 Mar 2022\u00a0\u2013 Domani (gioved\u00ec 24) e venerd\u00ec 25 marzo si terr\u00e0 (on line) \u201cNinfeas 2 - Future geografie di sostenibilit\u00e0\u201d, seconda conferenza nazionale dei sistemi Infeas\u00a0(Informazione e formazione per l\u2019educazione all\u2019ambiente e alla sostenibilit\u00e0), organizzato dal Servizio sostenibilit\u00e0 ambientale valutazione strategica e sistemi informativi (Svasi) dell\u2019Assessorato regionale della Difesa dell\u2019ambiente.<\/p>\n\n\n\n<p>\u201cVerr\u00e0 fatto il punto sullo stato dei sistemi Infeas, nazionali e regionali \u2013 ha detto l\u2019assessore della Difesa dell\u2019ambiente, Gianni Lampis, che interverr\u00e0 nelle due giornate, anche nel ruolo di coordinatore della Commissione ambiente e sostenibilit\u00e0 della Conferenza delle Regioni \u2013 Ma sar\u00e0 anche l\u2019occasione per promuovere il confronto sul ruolo e sul significato dell\u2019educazione alla sostenibilit\u00e0\u201d.<\/p>\n\n\n\n<p>Nella prima giornata (con inizio alle 10) si parler\u00e0 di opportunit\u00e0, sfide e linee politiche per lo sviluppo e del rilancio della rete Infeas.&nbsp;<a><\/a>Nel pomeriggio sono in programma quattro tavoli di lavoro: governance del sistema Infeas \u2013 attualit\u00e0 e prospettive della rete Infeas; sviluppo sostenibile e cittadinanza globale: i sistemi Infeas verso la sfida dell\u2019Agenda 2030; educazione alla sostenibilit\u00e0 nelle scuole; Pnrr: prospettive e opportunit\u00e0 per l\u2019educazione alla sostenibilit\u00e0. Nella seconda giornata (con inizio alle 10) saranno presentati i lavori scaturiti dai tavoli e verranno discusse le politiche future del sistema Infeas. La Conferenza si potr\u00e0 seguire in diretta streaming sulla pagina Facebook e sul sito internet&nbsp;(<a href=\"https:\/\/sardegnainfeas.it\/\" target=\"_blank\" rel=\"noreferrer noopener\">https:\/\/sardegnainfeas.it\/<\/a>)&nbsp;della Rete Infeas della Sardegna.<\/p>\n","protected":false},"excerpt":{"rendered":"<p>Cagliari, 23 Mar 2022\u00a0\u2013 Domani (gioved\u00ec 24) e venerd\u00ec 25 marzo si terr\u00e0 (on line) \u201cNinfeas 2 &#8211; Future geografie di sostenibilit\u00e0\u201d, seconda conferenza nazionale&#8230;<\/p>\n","protected":false},"author":2,"featured_media":218421,"comment_status":"closed","ping_status":"open","sticky":false,"template":"","format":"standard","meta":[],"categories":[49,52],"tags":[],"_links":{"self":[{"href":"https:\/\/www.cronacaonline.it\/index.php\/wp-json\/wp\/v2\/posts\/219318"}],"collection":[{"href":"https:\/\/www.cronacaonline.it\/index.php\/wp-json\/wp\/v2\/posts"}],"about":[{"href":"https:\/\/www.cronacaonline.it\/index.php\/wp-json\/wp\/v2\/types\/post"}],"author":[{"embeddable":true,"href":"https:\/\/www.cronacaonline.it\/index.php\/wp-json\/wp\/v2\/users\/2"}],"replies":[{"embeddable":true,"href":"https:\/\/www.cronacaonline.it\/index.php\/wp-json\/wp\/v2\/comments?post=219318"}],"version-history":[{"count":1,"href":"https:\/\/www.cronacaonline.it\/index.php\/wp-json\/wp\/v2\/posts\/219318\/revisions"}],"predecessor-version":[{"id":219319,"href":"https:\/\/www.cronacaonline.it\/index.php\/wp-json\/wp\/v2\/posts\/219318\/revisions\/219319"}],"wp:featuredmedia":[{"embeddable":true,"href":"https:\/\/www.cronacaonline.it\/index.php\/wp-json\/wp\/v2\/media\/218421"}],"wp:attachment":[{"href":"https:\/\/www.cronacaonline.it\/index.php\/wp-json\/wp\/v2\/media?parent=219318"}],"wp:term":[{"taxonomy":"category","embeddable":true,"href":"https:\/\/www.cronacaonline.it\/index.php\/wp-json\/wp\/v2\/categories?post=219318"},{"taxonomy":"post_tag","embeddable":true,"href":"https:\/\/www.cronacaonline.it\/index.php\/wp-json\/wp\/v2\/tags?post=219318"}],"curies":[{"name":"wp","href":"https:\/\/api.w.org\/{rel}","templated":true}]}}