{"id":219311,"date":"2022-03-23T06:23:46","date_gmt":"2022-03-23T05:23:46","guid":{"rendered":"https:\/\/www.cronacaonline.it\/?p=219311"},"modified":"2022-03-23T06:23:49","modified_gmt":"2022-03-23T05:23:49","slug":"esame-della-proposta-di-legge-su-disposizioni-in-materia-di-energia-e-modifiche-alla-legge-regionale-n-9-del-2006-rinvio-in-commissione","status":"publish","type":"post","link":"https:\/\/www.cronacaonline.it\/index.php\/2022\/03\/23\/esame-della-proposta-di-legge-su-disposizioni-in-materia-di-energia-e-modifiche-alla-legge-regionale-n-9-del-2006-rinvio-in-commissione\/","title":{"rendered":"Esame della Proposta di Legge su Disposizioni in materia di energia e modifiche alla legge regionale n. 9 del 2006. \u2013 Rinvio in Commissione."},"content":{"rendered":"\n<p>Cagliari, 22 Mar 2022\u00a0- La seduta del Consiglio regionale della Sardegna di ieri pomeriggio \u00e8 stata aperta dal presidente Michele Pais che dopo le formalit\u00e0 di rito, numerosi consiglieri regionali hanno preso la parola sull\u2019ordine dei lavori.<\/p>\n\n\n\n<p>Desir\u00e8 Manca, del M5S ha ricordato l\u2019art.7 del regolamento del Consiglio che garantisce e tutela le prerogative dei consiglieri, in particolare per l\u2019accesso agli atti, perch\u00e9 il suo gruppo ne ha presentate alcune 6 mesi fa e rimaste senza risposta; \u00e8 vero che non \u00e8 prevista una data certa ma il tempo trascorso \u00e8 eccessivo, per cui occorre intervento istituzionale della presidenza. Inoltre, citando l\u2019art. 38 del regolamento, la Manca ha sollecitato la convocazione delle commissioni quando richiesta per iniziativa di presidenti dei gruppi, perch\u00e9 in questo caso il termine \u00e8 di 10 giorni, ma non viene rispettato.<\/p>\n\n\n\n<p>Il presidente ha precisato in tema di accesso ad atti che, ancora prima, c\u2019\u00e8 il diritto all\u2019informazione dei consiglieri per cui ha assicurato il suo intervento per fare chiarezza sulle motivazioni del ritardo. Per quanto riguarda invece le convocazioni delle commissioni, ha aggiunto, tale adempimento non compete alla presidenza e comunque i presidenti saranno richiamati al rispetto dei termini regolamentari.<\/p>\n\n\n\n<p>Il capogruppo del Psd\u2019Az Franco Mula, prendendo spunto dall\u2019ordine del giorno votato da tutto il Consiglio in occasione della finanziaria in materia di proroga al 2022 della rendicontazione collegata a manifestazioni svoltesi nell\u2019anno precedente, da molti assessorati stanno arrivano lettere di revoca dei finanziamenti e richieste di polizze fidejussorie, fatti che impongono al Consiglio di dare un segnale forte per richiedere il rispetto delle leggi.<\/p>\n\n\n\n<p>Laura Caddeo, dei Progressisti, ha sollecitato \u201cper l\u2019ennesima volta\u201d la nomina dei Garanti per Infanzia e per i Detenuti, figure istituzionali tanto pi\u00f9 necessarie in un periodo come quello della pandemia che ha determinato gravi conseguenze negative nelle fasce pi\u00f9 deboli della societ\u00e0 sarda.<\/p>\n\n\n\n<p>Il presidente ha comunicato che i bandi relativi alle nomine richiamate stanno per essere pubblicati sul Buras.<\/p>\n\n\n\n<p>Il capogruppo di Leu Daniele Cocco, nel riprendere il tema sollevato dal collega Mula, ha richiamato la necessit\u00e0 di rispettare le leggi approvate dal Consiglio anche per quanto riguarda recenti atti di Argea, che sta reclutando personale al di fuori graduatorie aperte di Aspal e Laore.<\/p>\n\n\n\n<p>Roberto Li Gioi, capogruppo del M5S, ha sollevato il problema dei trasporti aerei, perch\u00e9 mentre l\u2019assessore Todde ha dichiarato che i voli in continuit\u00e0 dal 14 maggio in poi sono garantiti, Volotea ha comunicato che parteciper\u00e0 solo al bando su Cagliari-Elmas: occorre al pi\u00f9 presto fare chiarezza.<\/p>\n\n\n\n<p>Il consigliere del Pd Roberto Deriu, riprendendo il tema posto dal capogruppo sardista Mula, ha sollecitato il Consiglio a mandare un messaggio coerente alla burocrazia regionale e, da questo punto di vista, un nuovo regolamento sarebbe lo strumento migliore.<\/p>\n\n\n\n<p>Francesco Agus, capogruppo dei Progressisti, ha ricordato che, a dicembre, si era rimandato il \u201cquestion time\u201d deciso da capigruppo all\u2019unanimit\u00e0, ed anche il nostro gruppo ha presentato decine di interrogazioni rimaste senza risposta. A questo punto, ha suggerito, \u00e8 giusto ripristinare l\u2019ora delle domande al pi\u00f9 presto, e comunque forse \u00e8 il caso di abbandonare \u201cle buone maniere\u201d perch\u00e9 i consiglieri hanno il diritto di pretendere la consegna immediata degli atti richiesti.<\/p>\n\n\n\n<p>Il consigliere del M5S Alessandro Solinas ha auspicato la discussione rapida del Testo unificato sulla filiera della canapa industriale.<\/p>\n\n\n\n<p>Il presidente ha precisato che il testo \u00e8 all\u2019ordine del giorno.<\/p>\n\n\n\n<p>Maria Laura Orr\u00f9, dei Progressisti, ha chiesto informazioni sulla nuova applicazione per votare e prenotare gli interventi.<\/p>\n\n\n\n<p>Il presidente ha risposto che non \u00e8 ancora non \u00e8 operativa ma che, al momento opportuno, saranno fornite dettagliate istruzioni.<\/p>\n\n\n\n<p>Successivamente il Consiglio ha aperto la discussione sul primo punto all\u2019ordine del giorno, il Testo unico sull\u2019energia.<\/p>\n\n\n\n<p>Il capogruppo dei Progressisti Francesco Agus, partendo dal fatto che la discussione era stata gi\u00e0 avviata l\u2019anno scorso per poi decidere il ritorno in commissione perch\u00e9 non era stata raggiunta una sintesi soddisfacente, ha affermato che gran parte della legge \u00e8 utile ma resta un tema che richiede il rapido adeguamento a quanto successo nel mondo, che ha accelerato i processi collegati al mondo energetico, diventato oggi \u201cil problema dei problemi\u201d. Anche questa legge, ha proseguito, potrebbe apparire inadeguata e fuori tempo massimo, sia per l\u2019impatto devastante dell\u2019energia sul sistema economico e produttivo, sia sugli sviluppi e la durata della crisi attuale.<\/p>\n\n\n\n<p>Sempre per i Progressisti Laura Caddeo ha espresso la sua preoccupazione fortissima sui temi energetici per gli eventi inaspettati che tutti conosciamo, e proprio per questo la legge in discussione che \u00e8 una buona legge oggi pu\u00f2 diventare anche una opportunit\u00e0 importante per riflettere su cosa fare per raggiungere in Sardegna una certa autonomia energetica. Senza farsi illusioni, secondo la Caddeo bisogna puntare sulla sicurezza degli approvvigionamenti da fonti esterne senza abbandonare l\u2019attenzione ai processi di de-carbonizzazione in vista del 2025; insomma, dobbiamo produrre e scambiare energia con l\u2019esterno nella rete europea, avere infrastrutture e fonti di transizione.<\/p>\n\n\n\n<p>Roberto Li Gioi, presidente del gruppo M5S, ha sostenuto che per certi aspetti la legge \u00e8 gi\u00e0 vecchia alla luce di avvenimenti che hanno sconvolto il mondo. Le comunit\u00e0 energetiche sono da tempo al centro dell\u2019agenda politica del M5S, ha ricordato, e quindi siamo totalmente d\u2019accordo sia per i benefici all\u2019ambiente che per il sostegno ai ceti pi\u00f9 deboli, ma \u00e8 sbagliato sia indossare \u201cmagliette\u201d che pensare di fare qualcosa di importante senza copertura finanziaria<\/p>\n\n\n\n<p>Per i Progressisti Maria Laura Orr\u00f9 ha affermato che il problema energetico va inquadrato nel panorama geo-politico complessivo, per trovare risposte anche ai problemi specifici della Sardegna nell\u2019energia e nell\u2019agro-alimentare, perch\u00e9 il nostro sistema produttivo \u00e8 sotto stress non solo a causa della guerra e della sudditanza alle fonti fossili, ma soprattutto perch\u00e9 i principali produttori sono in aree con regimi molto diversi dalla nostra democrazia. La nostra Regione ha bisogno, ha detto ancora, di un piano energetico regionale su fabbisogno, pianificazione e produzione anche perch\u00e9 se la politica non governa questi processi i territori saranno aggrediti dalla speculazione.<\/p>\n\n\n\n<p>Ha assunto la presidenza dell\u2019Assemblea il vice presidente Giovanni Antonio Satta.<\/p>\n\n\n\n<p>Il consigliere della Lega Michele Ennas ha dichiarato che \u00e8 opportuno sottolineare che l\u2019energia \u00e8 il tema tanto essenziale per lo sviluppo del territorio quanto centrale all\u2019interno delle misure del Pnrr, la cui scadenza per il 2026 \u00e8 molto vicina se non si parte subito, superando monocultura energetica e andando verso una \u201cmultipolarit\u00e0\u201d. La legge regionale sulle comunit\u00e0 energetiche, ha osservato, favorisce una nuova consapevolezza sociale anche del singolo cittadino diffondendo \u201cdal basso\u201d la cultura della sostenibilit\u00e0 energetica, dell\u2019aumento dell\u2019efficienza, del contrasto alla dispersione, della tendenza alla riduzione delle dimensioni degli su scala europea.<\/p>\n\n\n\n<p>Dopo Ennas ha preso poi la parola Valter Piscedda (Pd), che ha detto: \u201cIntervengo per consentire alla maggioranza di costituire il numero legale e nel frattempo credo sia giusto inquadrare il tema delle comunit\u00e0 energetiche, con la consapevolezza che questo provvedimento legislativo sar\u00e0 una goccia nell\u2019oceano e non potr\u00e0 garantire l\u2019indipendenza energetica. Capiamoci per\u00f2: se i territori non vogliono i parchi fotovoltaici, i parchi eolici e altre forme di produzione energetica diventa difficile capire come conquisteremo l\u2019indipendenza energetica\u201d.<\/p>\n\n\n\n<p>Sempre dai banchi dell\u2019opposizione l\u2019on. Gianfranco Satta (Progressisti) ha detto: \u201cQuesta proposta di legge \u00e8 entrata nel 2020 nel circuito legislativo e probabilmente oggi la rimanderemo, nonostante la sua evidente attualit\u00e0 dovuta dalla crisi energetica\u201d.<\/p>\n\n\n\n<p>Per Massimo Zedda (Progressisti) \u201cnon era prevedibile quello che sta accadendo per\u00f2 in questa proposta di legge sono inserite riflessioni di grande attualit\u00e0. Vanno date gambe ai buoni propositi come il risparmio inteso nel senso della riduzione dei consumi e il riuso. La guerra deve poi essere una buona occasione per non dare ragione alla Russia: dobbiamo poter sopravvivere senza l\u2019energia derivata da combustibile fossile. Sono necessari da subito innovazione tecnologica da industria e agricoltura, pensando che oggi il 70 per cento dell\u2019acqua di Abbanoa viene utilizzata dall\u2019agro. E pensando che oggi le piovosit\u00e0 pure eccezionali che hanno colpito in questi mesi la Sardegna non bastano a riempire i bacini, che hanno perdite clamorose\u201d.<\/p>\n\n\n\n<p>Il consigliere del Pd, Piero Comandini, si \u00e8 espresso con fermezza contro l\u2019ipotesi del rinvio del testo in commissione (\u00abanche sull\u2019energia si sceglie di non decidere\u00bb) ed ha escluso una qualche connessione tra il testo di legge e gli scenari di guerra che si sono scatenati ad Est dell\u2019Europa. \u00abIl provvedimento all\u2019attenzione dell\u2019Aula \u2013 ha affermato l\u2019esponente della minoranza \u2013 potrebbe essere approvato in pochi minuti e stabilisce tre punti semplici: istituisce le comunit\u00e0 energetiche, introduce il reddito energetico e la semplificazione amministrativa per il rilascio delle autorizzazioni\u00bb.<\/p>\n\n\n\n<p>Il presidente del Consiglio, Michele Pais, ha quindi ricordato che la proposta del rinvio in commissione \u00e8 stata avanzata dalla conferenza dei capigruppo e quindi concordata anche con il presidente del gruppo del Pd.<\/p>\n\n\n\n<p>Dopo la rinuncia all\u2019intervento del consigliere dei Progressisti, Diego Loi, (\u00abtroppa disattenzione e troppo brusio cos\u00ec non si pu\u00f2 intervenire e confrontarsi su un tema fondamentale per le nostre comunit\u00e0\u00bb) il capogruppo della Lega, Pierluigi Saiu, ha argomentato al richiesta del rinvio del testo unificato in commissione. \u00ab\u00c8 meglio approvare un testo aggiornato \u2013 ha dichiarato il consigliere del Carroccio \u2013 piuttosto che un testo da revisionare e da rivedere alla luce degli accadimenti internazionali e delle speculazioni sul costo dei carburanti che tante conseguenze negative hanno sulle imprese e sulle famiglie sarde\u00bb.<\/p>\n\n\n\n<p>Posto in votazione il rinvio alla commissione del testo unico (Pl. 100 e Dl. 105) \u00e8 stato approvato e il presidente del Consiglio, sollecitato anche dal consigliere Ennas (Lega) ha evidenziato la priorit\u00e0 chiesta dai capigruppo nell\u2019esame in V^ commissione.<\/p>\n\n\n\n<p>Il presidente Pais ha quindi annunciato la presentazione di due ordini del giorno a firma del consigliere Piga (FdI) e Cocco (Leu) che, con un dispositivo simile, impegnano il presidente della Regione a supportare le \u201clegittime rivendicazioni dei Comuni di Nughedu, Anela, Mara, Bultei, Cargeghe, Oniferi, Abbasanta, Tramatza, Nurachi, Ruinas, Sini, Putifigari, Silius, Tutti, Siddi, Gesico e Guamaggiore, per scongiurare la chiusura degli sportelli bancari del Banco di Sardegna.<\/p>\n\n\n\n<p>Il documento \u00e8 stato sottoscritto da tutti i consiglieri e dopo la sollecitazione del capigruppo del Psd\u2019Az, Mula, ad affrontare anche il tema di altre chiusure di servizi essenziali in tanti piccoli centri, \u00e8 stato approvato con votazione unanime.<\/p>\n\n\n\n<p>Il presidente ha dichiarato conclusi i lavori ed ha annunciato la convocazione del Consiglio al domicilio.&nbsp;Com<\/p>\n","protected":false},"excerpt":{"rendered":"<p>Cagliari, 22 Mar 2022\u00a0&#8211; La seduta del Consiglio regionale della Sardegna di ieri pomeriggio \u00e8 stata aperta dal presidente Michele Pais che dopo le formalit\u00e0&#8230;<\/p>\n","protected":false},"author":2,"featured_media":191710,"comment_status":"closed","ping_status":"open","sticky":false,"template":"","format":"standard","meta":[],"categories":[49,52],"tags":[],"_links":{"self":[{"href":"https:\/\/www.cronacaonline.it\/index.php\/wp-json\/wp\/v2\/posts\/219311"}],"collection":[{"href":"https:\/\/www.cronacaonline.it\/index.php\/wp-json\/wp\/v2\/posts"}],"about":[{"href":"https:\/\/www.cronacaonline.it\/index.php\/wp-json\/wp\/v2\/types\/post"}],"author":[{"embeddable":true,"href":"https:\/\/www.cronacaonline.it\/index.php\/wp-json\/wp\/v2\/users\/2"}],"replies":[{"embeddable":true,"href":"https:\/\/www.cronacaonline.it\/index.php\/wp-json\/wp\/v2\/comments?post=219311"}],"version-history":[{"count":1,"href":"https:\/\/www.cronacaonline.it\/index.php\/wp-json\/wp\/v2\/posts\/219311\/revisions"}],"predecessor-version":[{"id":219312,"href":"https:\/\/www.cronacaonline.it\/index.php\/wp-json\/wp\/v2\/posts\/219311\/revisions\/219312"}],"wp:featuredmedia":[{"embeddable":true,"href":"https:\/\/www.cronacaonline.it\/index.php\/wp-json\/wp\/v2\/media\/191710"}],"wp:attachment":[{"href":"https:\/\/www.cronacaonline.it\/index.php\/wp-json\/wp\/v2\/media?parent=219311"}],"wp:term":[{"taxonomy":"category","embeddable":true,"href":"https:\/\/www.cronacaonline.it\/index.php\/wp-json\/wp\/v2\/categories?post=219311"},{"taxonomy":"post_tag","embeddable":true,"href":"https:\/\/www.cronacaonline.it\/index.php\/wp-json\/wp\/v2\/tags?post=219311"}],"curies":[{"name":"wp","href":"https:\/\/api.w.org\/{rel}","templated":true}]}}