{"id":219291,"date":"2022-03-22T14:55:11","date_gmt":"2022-03-22T13:55:11","guid":{"rendered":"https:\/\/www.cronacaonline.it\/?p=219291"},"modified":"2022-03-22T14:55:13","modified_gmt":"2022-03-22T13:55:13","slug":"continuita-territoriale-aerea-lassessore-todde-bene-la-conferma-di-volotea-per-il-periodo-estivo-altri-vettori-interessati-alle-rotte","status":"publish","type":"post","link":"https:\/\/www.cronacaonline.it\/index.php\/2022\/03\/22\/continuita-territoriale-aerea-lassessore-todde-bene-la-conferma-di-volotea-per-il-periodo-estivo-altri-vettori-interessati-alle-rotte\/","title":{"rendered":"Continuit\u00e0 territoriale aerea, l\u2019assessore Todde: \u201cbene la conferma di Volotea per il periodo estivo, altri vettori interessati alle rotte\u201d."},"content":{"rendered":"\n<p>Cagliari, 22 Mar 2022 -\u00a0\u201cLa conferma di Volotea a garantire i voli da e per la Sardegna anche dopo la scadenza del 14 maggio dimostra che la strada che abbiamo intrapreso \u00e8 quella giusta. E la disponibilit\u00e0 annunciata dalla compagnia a operare anche nei mesi estivi in una rotta fondamentale come la Cagliari-Roma \u00e8 un\u2019importante certezza per continuare a mettere in sicurezza la continuit\u00e0 territoriale aerea\u201d. L\u2019assessore regionale dei Trasporti, Giorgio Todde, commenta cos\u00ec l\u2019annuncio di Volotea di voler confermare anche per il periodo estivo il suo impegno per i collegamenti con la Sardegna.<\/p>\n\n\n\n<p>\u201cSu tutti i voli della continuit\u00e0 \u2013 aggiunge l\u2019esponente della Giunta Solinas \u2013 diversi vettori hanno gi\u00e0 manifestato un forte interessamento e avrebbero gi\u00e0 accettato se non ci fossimo trovati davanti alle recenti e improvvise turbolenze di mercato, con un preoccupante scenario internazionale e un aumento del costo dei carburanti. Ora, come confermato da Volotea, le compagnie stanno valutando nel dettaglio ogni rotta e credo che a breve potranno presentare le offerte per tutti i collegamenti in continuit\u00e0 nel periodo dal 15 maggio al 30 settembre\u201d.&nbsp;<\/p>\n","protected":false},"excerpt":{"rendered":"<p>Cagliari, 22 Mar 2022 &#8211;\u00a0\u201cLa conferma di Volotea a garantire i voli da e per la Sardegna anche dopo la scadenza del 14 maggio dimostra&#8230;<\/p>\n","protected":false},"author":2,"featured_media":205529,"comment_status":"closed","ping_status":"open","sticky":false,"template":"","format":"standard","meta":[],"categories":[49,52],"tags":[],"_links":{"self":[{"href":"https:\/\/www.cronacaonline.it\/index.php\/wp-json\/wp\/v2\/posts\/219291"}],"collection":[{"href":"https:\/\/www.cronacaonline.it\/index.php\/wp-json\/wp\/v2\/posts"}],"about":[{"href":"https:\/\/www.cronacaonline.it\/index.php\/wp-json\/wp\/v2\/types\/post"}],"author":[{"embeddable":true,"href":"https:\/\/www.cronacaonline.it\/index.php\/wp-json\/wp\/v2\/users\/2"}],"replies":[{"embeddable":true,"href":"https:\/\/www.cronacaonline.it\/index.php\/wp-json\/wp\/v2\/comments?post=219291"}],"version-history":[{"count":1,"href":"https:\/\/www.cronacaonline.it\/index.php\/wp-json\/wp\/v2\/posts\/219291\/revisions"}],"predecessor-version":[{"id":219292,"href":"https:\/\/www.cronacaonline.it\/index.php\/wp-json\/wp\/v2\/posts\/219291\/revisions\/219292"}],"wp:featuredmedia":[{"embeddable":true,"href":"https:\/\/www.cronacaonline.it\/index.php\/wp-json\/wp\/v2\/media\/205529"}],"wp:attachment":[{"href":"https:\/\/www.cronacaonline.it\/index.php\/wp-json\/wp\/v2\/media?parent=219291"}],"wp:term":[{"taxonomy":"category","embeddable":true,"href":"https:\/\/www.cronacaonline.it\/index.php\/wp-json\/wp\/v2\/categories?post=219291"},{"taxonomy":"post_tag","embeddable":true,"href":"https:\/\/www.cronacaonline.it\/index.php\/wp-json\/wp\/v2\/tags?post=219291"}],"curies":[{"name":"wp","href":"https:\/\/api.w.org\/{rel}","templated":true}]}}