{"id":219276,"date":"2022-03-22T07:01:10","date_gmt":"2022-03-22T06:01:10","guid":{"rendered":"https:\/\/www.cronacaonline.it\/?p=219276"},"modified":"2022-03-22T07:01:13","modified_gmt":"2022-03-22T06:01:13","slug":"dichiarazione-del-segretario-delludc-sardegna-giorgio-oppi-su-richiesta-rimpasto-nel-governo-della-sardegna","status":"publish","type":"post","link":"https:\/\/www.cronacaonline.it\/index.php\/2022\/03\/22\/dichiarazione-del-segretario-delludc-sardegna-giorgio-oppi-su-richiesta-rimpasto-nel-governo-della-sardegna\/","title":{"rendered":"Dichiarazione del Segretario dell\u2019Udc Sardegna Giorgio Oppi su richiesta rimpasto nel governo della Sardegna."},"content":{"rendered":"\n<p>Cagliari, 22 Mar 2022 \u2013 In un comunicato il decano dell\u2019Udc, Giorgio Oppi, afferma: \u201cNessuno mette in dubbio che la Lega abbia ottenuto un ottimo risultato alle scorse elezioni regionali. Cos\u00ec come non c\u2019\u00e8 alcun dubbio che sia rappresentata nei posti di governo al di sopra delle propri numeri: tre assessorati e la presidenza del Consiglio regionale\u201d.<\/p>\n\n\n\n<p>Ma il segretario regionale dell\u2019Udc aggiunge: \u201cCi\u00f2 che meraviglia- ha aggiunto Oppi- \u00e8 che ci sia qualcuno che accusi gli altri partiti di essere a caccia di poltrone, quando questo partito \u00e8 l\u2019unico che finora ha ottenuto 2 presidenze di enti e il dominio di una terza. Tutto ci\u00f2 nonostante continuino a dirsi contrari ai consigli di amministrazione\u201d.<\/p>\n\n\n\n<p>Quanto all\u2019assessore alla Sanit\u00e0 Nieddu, il leader dell\u2019Udc sarda precisa: \u201cNulla contro Nieddu: abbiamo stigmatizzato le ingerenze dell\u2019assessore su tematiche che non sono di sua competenza. Dimostra invece un eccesso di inerzia su settori che lo dovrebbero vedere molto pi\u00f9 presente, come l\u2019attivazione di svariate centinaia di posti da infermiere, che attendono di essere impiegati nella sanit\u00e0 sarda da oramai troppo tempo.<\/p>\n\n\n\n<p>Pubblicamente l\u2019assessore alla sanit\u00e0 - aggiunge Oppi - si ammanta di aver sostenuto varie iniziative mentre su alcune di queste si \u00e8 dimostrato addirittura contrario cos\u00ec come dimostrano i verbali delle sedute consiliari. Quindi suona male, pur nel rispetto reciproco - ha poi specificato Oppi - che proprio chi ha ottenuto tanto alluda a \u201cpoltronifici\u201d non meglio identificati quando invece alcuni partiti non hanno ancora ottenuto ci\u00f2 che meritano.<\/p>\n\n\n\n<p>Credo che il tutto - ha concluso Oppi - debba essere riportato sulla base della rappresentativit\u00e0. Com<\/p>\n","protected":false},"excerpt":{"rendered":"<p>Cagliari, 22 Mar 2022 \u2013 In un comunicato il decano dell\u2019Udc, Giorgio Oppi, afferma: \u201cNessuno mette in dubbio che la Lega abbia ottenuto un ottimo&#8230;<\/p>\n","protected":false},"author":2,"featured_media":192512,"comment_status":"closed","ping_status":"open","sticky":false,"template":"","format":"standard","meta":[],"categories":[49,52],"tags":[],"_links":{"self":[{"href":"https:\/\/www.cronacaonline.it\/index.php\/wp-json\/wp\/v2\/posts\/219276"}],"collection":[{"href":"https:\/\/www.cronacaonline.it\/index.php\/wp-json\/wp\/v2\/posts"}],"about":[{"href":"https:\/\/www.cronacaonline.it\/index.php\/wp-json\/wp\/v2\/types\/post"}],"author":[{"embeddable":true,"href":"https:\/\/www.cronacaonline.it\/index.php\/wp-json\/wp\/v2\/users\/2"}],"replies":[{"embeddable":true,"href":"https:\/\/www.cronacaonline.it\/index.php\/wp-json\/wp\/v2\/comments?post=219276"}],"version-history":[{"count":1,"href":"https:\/\/www.cronacaonline.it\/index.php\/wp-json\/wp\/v2\/posts\/219276\/revisions"}],"predecessor-version":[{"id":219277,"href":"https:\/\/www.cronacaonline.it\/index.php\/wp-json\/wp\/v2\/posts\/219276\/revisions\/219277"}],"wp:featuredmedia":[{"embeddable":true,"href":"https:\/\/www.cronacaonline.it\/index.php\/wp-json\/wp\/v2\/media\/192512"}],"wp:attachment":[{"href":"https:\/\/www.cronacaonline.it\/index.php\/wp-json\/wp\/v2\/media?parent=219276"}],"wp:term":[{"taxonomy":"category","embeddable":true,"href":"https:\/\/www.cronacaonline.it\/index.php\/wp-json\/wp\/v2\/categories?post=219276"},{"taxonomy":"post_tag","embeddable":true,"href":"https:\/\/www.cronacaonline.it\/index.php\/wp-json\/wp\/v2\/tags?post=219276"}],"curies":[{"name":"wp","href":"https:\/\/api.w.org\/{rel}","templated":true}]}}