{"id":219265,"date":"2022-03-21T16:13:38","date_gmt":"2022-03-21T15:13:38","guid":{"rendered":"https:\/\/www.cronacaonline.it\/?p=219265"},"modified":"2022-03-21T16:13:41","modified_gmt":"2022-03-21T15:13:41","slug":"prezzario-regionale-lassessore-salaris-svolta-green-e-adeguamento-delle-voci-per-il-superbonus","status":"publish","type":"post","link":"https:\/\/www.cronacaonline.it\/index.php\/2022\/03\/21\/prezzario-regionale-lassessore-salaris-svolta-green-e-adeguamento-delle-voci-per-il-superbonus\/","title":{"rendered":"Prezzario regionale, l\u2019assessore Salaris: \u201csvolta green e adeguamento delle voci per il superbonus\u201d."},"content":{"rendered":"\n<p>Cagliari, 21 Mar 2022 -\u00a0Ancora un mese di tempo e il prezzario regionale sar\u00e0 a disposizione degli operatori economici sardi, aggiornato e con una novit\u00e0: la svolta green. Introduzione dei Criteri ambientali minimi, Cam, che rappresentano una novit\u00e0 in termini di requisiti da rispettare, materiali legati alla bioedilizia e inserimento delle voci pi\u00f9 impattanti per i lavori che riguardano il bonus 110% sono gli elementi cardine del nuovo strumento di supporto alle stazioni appaltanti e agli operatori del settore per la quantificazione dei costi degli interventi delle opere pubbliche.<\/p>\n\n\n\n<p>\u201cStiamo portando avanti un lavoro preciso e attento alle esigenze di tutti i soggetti coinvolti, che purtroppo ha subito un rallentamento a causa delle oscillazioni dei prezzi dei materiali da costruzione che non ci hanno consentito di fissare limiti di costo precisi. Grazie all\u2019importante attivit\u00e0 svolta anche internamente sul fronte della verifica e aggiornamento a partire dai prezzi relativi alle componenti pi\u00f9 rappresentative del mercato regionale, contiamo di mettere quanto prima a disposizione il nuovo prezzario regionale\u201d, ha spiegato l\u2019Assessore regionale dei Lavori Pubblici, Aldo Salaris, nel corso dell\u2019incontro con l\u2019Associazione dei costruttori del Nord Sardegna, avvenuta in mattinata a Sassari.<\/p>\n\n\n\n<p>L\u2019aggiornamento consente alle stazioni appaltanti, che sono tenute a determinare l\u2019importo delle lavorazioni tenendo fede alle indicazioni dei prezzari regionali, di definire il computo metrico sulla base di prezzi aggiornati al reale andamento del mercato. Il prezzario regionale dei lavori pubblici rappresenta per gli operatori pubblici e privati del settore uno strumento essenziale per attuare una corretta ed efficace attivit\u00e0 di programmazione delle risorse destinate alla realizzazione delle opere pubbliche, oltre a costituire la base di riferimento per l'elaborazione dei capitolati e la congrua definizione degli importi a base di gara.<\/p>\n\n\n\n<p>In settimana si terr\u00e0 l\u2019ultima seduta del tavolo tecnico, cui seguir\u00e0 l\u2019esame delle osservazioni. Dopo di che lo strumento passer\u00e0 al vaglio della Giunta per la sua approvazione.<\/p>\n","protected":false},"excerpt":{"rendered":"<p>Cagliari, 21 Mar 2022 &#8211;\u00a0Ancora un mese di tempo e il prezzario regionale sar\u00e0 a disposizione degli operatori economici sardi, aggiornato e con una novit\u00e0:&#8230;<\/p>\n","protected":false},"author":2,"featured_media":213611,"comment_status":"closed","ping_status":"open","sticky":false,"template":"","format":"standard","meta":[],"categories":[49,52],"tags":[],"_links":{"self":[{"href":"https:\/\/www.cronacaonline.it\/index.php\/wp-json\/wp\/v2\/posts\/219265"}],"collection":[{"href":"https:\/\/www.cronacaonline.it\/index.php\/wp-json\/wp\/v2\/posts"}],"about":[{"href":"https:\/\/www.cronacaonline.it\/index.php\/wp-json\/wp\/v2\/types\/post"}],"author":[{"embeddable":true,"href":"https:\/\/www.cronacaonline.it\/index.php\/wp-json\/wp\/v2\/users\/2"}],"replies":[{"embeddable":true,"href":"https:\/\/www.cronacaonline.it\/index.php\/wp-json\/wp\/v2\/comments?post=219265"}],"version-history":[{"count":1,"href":"https:\/\/www.cronacaonline.it\/index.php\/wp-json\/wp\/v2\/posts\/219265\/revisions"}],"predecessor-version":[{"id":219266,"href":"https:\/\/www.cronacaonline.it\/index.php\/wp-json\/wp\/v2\/posts\/219265\/revisions\/219266"}],"wp:featuredmedia":[{"embeddable":true,"href":"https:\/\/www.cronacaonline.it\/index.php\/wp-json\/wp\/v2\/media\/213611"}],"wp:attachment":[{"href":"https:\/\/www.cronacaonline.it\/index.php\/wp-json\/wp\/v2\/media?parent=219265"}],"wp:term":[{"taxonomy":"category","embeddable":true,"href":"https:\/\/www.cronacaonline.it\/index.php\/wp-json\/wp\/v2\/categories?post=219265"},{"taxonomy":"post_tag","embeddable":true,"href":"https:\/\/www.cronacaonline.it\/index.php\/wp-json\/wp\/v2\/tags?post=219265"}],"curies":[{"name":"wp","href":"https:\/\/api.w.org\/{rel}","templated":true}]}}