{"id":219261,"date":"2022-03-21T14:41:06","date_gmt":"2022-03-21T13:41:06","guid":{"rendered":"https:\/\/www.cronacaonline.it\/?p=219261"},"modified":"2022-03-21T14:41:09","modified_gmt":"2022-03-21T13:41:09","slug":"assessore-biancareddu-al-via-il-progetto-andalas-de-cultura-nuovi-sentieri-culturali-digitali-per-la-valorizzazione-del-patrimonio-identitario","status":"publish","type":"post","link":"https:\/\/www.cronacaonline.it\/index.php\/2022\/03\/21\/assessore-biancareddu-al-via-il-progetto-andalas-de-cultura-nuovi-sentieri-culturali-digitali-per-la-valorizzazione-del-patrimonio-identitario\/","title":{"rendered":"Assessore Biancareddu: Al via il progetto #andalas de cultura, nuovi sentieri culturali digitali per la valorizzazione del patrimonio identitario."},"content":{"rendered":"\n<p>Cagliari, 21 Mar 2022 \u2013\u00a0Migliorare l\u2019accesso alle nuove tecnologie dell\u2019informazione e della comunicazione dei beni culturali per facilitare la conoscenza e la promozione del nostro immenso patrimonio culturale e identitario materiale e immateriale, creare un aggregatore di contenuti e risorse digitali da cui avviare percorsi di conoscenza, creazione e fruizione culturale.<\/p>\n\n\n\n<p>Cos\u00ec il Presidente della Regione Christian Solinas commenta la nascita del progetto \u00c1ndalas de cultura.&nbsp;<\/p>\n\n\n\n<p>Il programma fa parte degli interventi a sostegno alla domanda generale di servizi digitali in campo culturale previsti dall\u2019Agenda digitale della Sardegna, finanziati attraverso il POR FESR 2014-2020 - Asse 2, ed ha gi\u00e0 previsto la definizione di un accordo con il Ministero della Cultura per attivit\u00e0 di condivisione dei dati relativi al patrimonio culturale esistenti a livello nazionale.<\/p>\n\n\n\n<p>Gli archivi, le biblioteche, i musei ed i principali istituti della cultura del territorio, dice il Presidente Solinas, saranno coinvolti in un confronto partecipato tramite azioni di comunicazione e diffusione. La loro partecipazione in veste di soggetti attivi consentir\u00e0 la condivisione dei dati e delle informazioni che, grazie al progetto #\u00c1ndalas de cultura, potranno dar vita ad una pi\u00f9 efficace promozione del territorio e ad una costante e capillare azione di valorizzazione del patrimonio culturale e identitario della Sardegna.<\/p>\n\n\n\n<p>\u201cIn questi giorni - ha sottolineato l\u2019assessore regionale della Cultura, Andrea Biancareddu - \u00e8 stato firmato il contratto con il Raggruppamento temporaneo di imprese aggiudicatario, composto dalle societ\u00e0 DM Cultura srl e DB Seret srl, cui \u00e8 affidato l\u2019intervento unitario per l\u2019acquisizione, secondo il modello cloud SaaS (Software as a Service), della piattaforma per la realizzazione del sistema regionale integrato di accesso alle risorse informative in ambito ABM (Archivi, Biblioteche, Musei) e dei servizi di aggiornamento, promozione e riuso di risorse digitali del patrimonio culturale\u201d.<\/p>\n\n\n\n<p>Con il progetto #\u00c1ndalas de cultura si realizzeranno diversi obiettivi, tra i quali, mettere a sistema la molteplicit\u00e0 delle risorse esistenti prodotte negli anni dall\u2019Amministrazione regionale per offrire un modello di fruizione, accessibile, \u201csostenibile\u201d e integrato. Creare un punto unico di accesso e di ricerca alle risorse, grazie alla realizzazione di un \u201cmetamotore\u201d di ricerca in grado di interrogare le banche dati degli ambiti nazionali e locali relativi all'ambito degli Archivi, Biblioteche e Musei (ABM), che verr\u00e0 reso disponibile nell'ambito di un profondo rinnovamento del portale del patrimonio culturale Sardegna Cultura. Pubblicare informazioni in formato aperto sul portale regionale Sardegna OpenData, secondo le recenti azioni in materia di e-government e le indicazioni dell\u2019Agenda Digitale, consentendo la diffusione ed il riuso delle risorse da parte di cittadini ed imprese e la pubblicazione di applicazioni e soluzioni di gamification per gli ambiti web e mobile (APP). Garantire, attraverso azioni di promozione e supporto agli enti locali e alle strutture culturali e informative presenti sul territorio, un approccio omogeneo ed integrato per la raccolta, la conservazione digitale, la descrizione e la fruizione delle risorse digitali. Com<\/p>\n","protected":false},"excerpt":{"rendered":"<p>Cagliari, 21 Mar 2022 \u2013\u00a0Migliorare l\u2019accesso alle nuove tecnologie dell\u2019informazione e della comunicazione dei beni culturali per facilitare la conoscenza e la promozione del nostro&#8230;<\/p>\n","protected":false},"author":2,"featured_media":196027,"comment_status":"closed","ping_status":"open","sticky":false,"template":"","format":"standard","meta":[],"categories":[49,52],"tags":[],"_links":{"self":[{"href":"https:\/\/www.cronacaonline.it\/index.php\/wp-json\/wp\/v2\/posts\/219261"}],"collection":[{"href":"https:\/\/www.cronacaonline.it\/index.php\/wp-json\/wp\/v2\/posts"}],"about":[{"href":"https:\/\/www.cronacaonline.it\/index.php\/wp-json\/wp\/v2\/types\/post"}],"author":[{"embeddable":true,"href":"https:\/\/www.cronacaonline.it\/index.php\/wp-json\/wp\/v2\/users\/2"}],"replies":[{"embeddable":true,"href":"https:\/\/www.cronacaonline.it\/index.php\/wp-json\/wp\/v2\/comments?post=219261"}],"version-history":[{"count":1,"href":"https:\/\/www.cronacaonline.it\/index.php\/wp-json\/wp\/v2\/posts\/219261\/revisions"}],"predecessor-version":[{"id":219262,"href":"https:\/\/www.cronacaonline.it\/index.php\/wp-json\/wp\/v2\/posts\/219261\/revisions\/219262"}],"wp:featuredmedia":[{"embeddable":true,"href":"https:\/\/www.cronacaonline.it\/index.php\/wp-json\/wp\/v2\/media\/196027"}],"wp:attachment":[{"href":"https:\/\/www.cronacaonline.it\/index.php\/wp-json\/wp\/v2\/media?parent=219261"}],"wp:term":[{"taxonomy":"category","embeddable":true,"href":"https:\/\/www.cronacaonline.it\/index.php\/wp-json\/wp\/v2\/categories?post=219261"},{"taxonomy":"post_tag","embeddable":true,"href":"https:\/\/www.cronacaonline.it\/index.php\/wp-json\/wp\/v2\/tags?post=219261"}],"curies":[{"name":"wp","href":"https:\/\/api.w.org\/{rel}","templated":true}]}}