{"id":219255,"date":"2022-03-21T14:24:31","date_gmt":"2022-03-21T13:24:31","guid":{"rendered":"https:\/\/www.cronacaonline.it\/?p=219255"},"modified":"2022-03-21T14:24:37","modified_gmt":"2022-03-21T13:24:37","slug":"sardegna-e-svizzera-piu-vicine-a-villa-devoto-il-presidente-solinas-riceve-lambasciatrice-della-svizzera-in-italia-monika-schmutz-kirgoznasce","status":"publish","type":"post","link":"https:\/\/www.cronacaonline.it\/index.php\/2022\/03\/21\/sardegna-e-svizzera-piu-vicine-a-villa-devoto-il-presidente-solinas-riceve-lambasciatrice-della-svizzera-in-italia-monika-schmutz-kirgoznasce\/","title":{"rendered":"Sardegna e svizzera pi\u00f9 vicine: a Villa Devoto il presidente Solinas riceve l\u2019ambasciatrice della Svizzera in Italia, Monika Schmutz Kirgoznasce."},"content":{"rendered":"\n<p>Cagliari, 21 Mar 2022\u00a0\u2013\u00a0Sardegna e Svizzera pi\u00f9 vicine, con numerose prospettive di cooperazione in vari campi, dal turismo allo sviluppo dell\u2019alta tecnologia, dall\u2019agroalimentare alla cultura.\u00a0Sono i temi trattati stamane nell\u2019incontro tenutosi a Villa Devoto tra il presidente della Regione, Christian Solinas, e l\u2019ambasciatrice della Svizzera in Italia, Monika Schmutz Kirgoz, in visita in Sardegna, accompagnata dal console Alberto Vespa.<\/p>\n\n\n\n<p>\"C\u2019\u00e8 un\u2019antica amicizia tra la nostra terra e la Svizzera - ha detto il presidente Solinas - rafforzata da comuni sentimenti e da un continuo scambio che perdura da decenni, e che ha visto la perfetta integrazione di molti Sardi in Svizzera, ove sono presenti 7 circoli di nostri conterranei, riuniti in una Federazione molto attiva, e di circa 800 cittadini svizzeri in Sardegna, terra che hanno scelto non solo per la sua bellezza e accoglienza, ma anche per lo sviluppo di numerose attivit\u00e0 imprenditoriali.&nbsp;Attivit\u00e0 che potranno essere incrementate e sviluppate con diversi progetti in vari campi di azione, tratteggiati gi\u00e0 nell\u2019incontro di stamane, e che saranno esaminati in successivi incontri\".<\/p>\n\n\n\n<p>\"L\u2019incontro di&nbsp;oggi -&nbsp;ha sottolineato il presidente Solinas - \u00e8 una grande opportunit\u00e0 per intensificare i nostri scambi. La Sardegna non \u00e8 solo terra di turismo, ma luogo ideale per lo sviluppo di nuovi investimenti in settori nei quali la Svizzera eccelle, quali l\u2019alta tecnologia e l\u2019innovazione, per i quali ci proponiamo anche sul panorama imprenditoriale elvetico offrendo molte opportunit\u00e0.&nbsp;Di particolare rilievo \u00e8 il progetto di distillazione del gas Argon realizzato nei possi minerari del Sulcis e la candidatura, forte e autorevole, della Sardegna per la realizzazione dell\u2019Einstein Telescope a Sos Enattos, in territorio di Lula\".&nbsp;<\/p>\n\n\n\n<p>\"La Svizzera - ha detto l\u2019Ambasciatrice - guarda con grande interesse alla Sardegna; la visita di oggi&nbsp;rappresenta certamente la migliore premessa per l\u2019ampliamento dei nostri interessi su questa Regione, che grazie alla sua posizione strategica nel Mediterraneo e alle sue grandi risorse ambientali e culturali \u00e8&nbsp;destinatario ideale per un dialogo e una cooperazione di straordinario valore\". Com<\/p>\n","protected":false},"excerpt":{"rendered":"<p>Cagliari, 21 Mar 2022\u00a0\u2013\u00a0Sardegna e Svizzera pi\u00f9 vicine, con numerose prospettive di cooperazione in vari campi, dal turismo allo sviluppo dell\u2019alta tecnologia, dall\u2019agroalimentare alla cultura.\u00a0Sono&#8230;<\/p>\n","protected":false},"author":2,"featured_media":11707,"comment_status":"closed","ping_status":"open","sticky":false,"template":"","format":"standard","meta":[],"categories":[49,52],"tags":[],"_links":{"self":[{"href":"https:\/\/www.cronacaonline.it\/index.php\/wp-json\/wp\/v2\/posts\/219255"}],"collection":[{"href":"https:\/\/www.cronacaonline.it\/index.php\/wp-json\/wp\/v2\/posts"}],"about":[{"href":"https:\/\/www.cronacaonline.it\/index.php\/wp-json\/wp\/v2\/types\/post"}],"author":[{"embeddable":true,"href":"https:\/\/www.cronacaonline.it\/index.php\/wp-json\/wp\/v2\/users\/2"}],"replies":[{"embeddable":true,"href":"https:\/\/www.cronacaonline.it\/index.php\/wp-json\/wp\/v2\/comments?post=219255"}],"version-history":[{"count":1,"href":"https:\/\/www.cronacaonline.it\/index.php\/wp-json\/wp\/v2\/posts\/219255\/revisions"}],"predecessor-version":[{"id":219256,"href":"https:\/\/www.cronacaonline.it\/index.php\/wp-json\/wp\/v2\/posts\/219255\/revisions\/219256"}],"wp:featuredmedia":[{"embeddable":true,"href":"https:\/\/www.cronacaonline.it\/index.php\/wp-json\/wp\/v2\/media\/11707"}],"wp:attachment":[{"href":"https:\/\/www.cronacaonline.it\/index.php\/wp-json\/wp\/v2\/media?parent=219255"}],"wp:term":[{"taxonomy":"category","embeddable":true,"href":"https:\/\/www.cronacaonline.it\/index.php\/wp-json\/wp\/v2\/categories?post=219255"},{"taxonomy":"post_tag","embeddable":true,"href":"https:\/\/www.cronacaonline.it\/index.php\/wp-json\/wp\/v2\/tags?post=219255"}],"curies":[{"name":"wp","href":"https:\/\/api.w.org\/{rel}","templated":true}]}}