{"id":219220,"date":"2022-03-19T14:51:23","date_gmt":"2022-03-19T13:51:23","guid":{"rendered":"https:\/\/www.cronacaonline.it\/?p=219220"},"modified":"2022-03-19T14:51:26","modified_gmt":"2022-03-19T13:51:26","slug":"turismo-assessore-chessa-potenziare-lofferta-con-itinerari-identitari-ed-esperienziali-per-un-modello-di-turismo-sostenibile","status":"publish","type":"post","link":"https:\/\/www.cronacaonline.it\/index.php\/2022\/03\/19\/turismo-assessore-chessa-potenziare-lofferta-con-itinerari-identitari-ed-esperienziali-per-un-modello-di-turismo-sostenibile\/","title":{"rendered":"Turismo, assessore Chessa: &#8216;potenziare l&#8217;offerta con itinerari identitari ed esperienziali per un modello di turismo sostenibile&#8217;."},"content":{"rendered":"\n<p>Parigi, 19 Mar 2022\u00a0\u2013 \"Tra gli obiettivi della campagna di promozione turistica della 'Destinazione Sardegna hanno un ruolo fondamentale gli itinerari identitari ed esperienziali, che si rifanno ad un modello di turismo sostenibile\". Lo ha detto l'assessore regionale del Turismo, Gianni Chessa, durante la presentazione del programma di marketing territoriale \u201cInsula - Sardinia quality world - Alla scoperta di un mondo chiamato Sardegna\u201d, promosso dall\u2019Assessorato e dal Cipnes (Consorzio industriale provinciale nord est Sardegna), che si \u00e8 tenuta in occasione del \u201cSalon mondial du Tourisme\u201d di Parigi, dove la Sardegna \u00e8 presente con un suo stand.<\/p>\n\n\n\n<p>\"La Sardegna - ha aggiunto l'assessore Chessa - grazie a storia, tradizioni e cultura, accompagnate dalla ricchezza della sua enogastronomia, \u00e8 in grado di offrire un prodotto di qualit\u00e0 che, aggiungendosi agli altri filoni turistici isolani, contribuir\u00e0 alla destagionalizzazione dei flussi\".<\/p>\n\n\n\n<p>\"Il turismo dei luoghi e delle esperienze \u00e8 in costante crescita e la Sardegna non pu\u00f2 rinunciare a catturare la sua fetta di mercato, perci\u00f2 il progetto 'Sardinia quality world' punta&nbsp;a promuovere l'unicit\u00e0 dell'Isola, dove longevit\u00e0, qualit\u00e0 della vita e biodiversit\u00e0 sono valori da far conoscere in tutto il mondo\", ha concluso l\u2019esponente della Giunta Sarda.<\/p>\n","protected":false},"excerpt":{"rendered":"<p>Parigi, 19 Mar 2022\u00a0\u2013 &#8220;Tra gli obiettivi della campagna di promozione turistica della &#8216;Destinazione Sardegna hanno un ruolo fondamentale gli itinerari identitari ed esperienziali, che&#8230;<\/p>\n","protected":false},"author":2,"featured_media":219141,"comment_status":"closed","ping_status":"open","sticky":false,"template":"","format":"standard","meta":[],"categories":[49,52],"tags":[],"_links":{"self":[{"href":"https:\/\/www.cronacaonline.it\/index.php\/wp-json\/wp\/v2\/posts\/219220"}],"collection":[{"href":"https:\/\/www.cronacaonline.it\/index.php\/wp-json\/wp\/v2\/posts"}],"about":[{"href":"https:\/\/www.cronacaonline.it\/index.php\/wp-json\/wp\/v2\/types\/post"}],"author":[{"embeddable":true,"href":"https:\/\/www.cronacaonline.it\/index.php\/wp-json\/wp\/v2\/users\/2"}],"replies":[{"embeddable":true,"href":"https:\/\/www.cronacaonline.it\/index.php\/wp-json\/wp\/v2\/comments?post=219220"}],"version-history":[{"count":1,"href":"https:\/\/www.cronacaonline.it\/index.php\/wp-json\/wp\/v2\/posts\/219220\/revisions"}],"predecessor-version":[{"id":219221,"href":"https:\/\/www.cronacaonline.it\/index.php\/wp-json\/wp\/v2\/posts\/219220\/revisions\/219221"}],"wp:featuredmedia":[{"embeddable":true,"href":"https:\/\/www.cronacaonline.it\/index.php\/wp-json\/wp\/v2\/media\/219141"}],"wp:attachment":[{"href":"https:\/\/www.cronacaonline.it\/index.php\/wp-json\/wp\/v2\/media?parent=219220"}],"wp:term":[{"taxonomy":"category","embeddable":true,"href":"https:\/\/www.cronacaonline.it\/index.php\/wp-json\/wp\/v2\/categories?post=219220"},{"taxonomy":"post_tag","embeddable":true,"href":"https:\/\/www.cronacaonline.it\/index.php\/wp-json\/wp\/v2\/tags?post=219220"}],"curies":[{"name":"wp","href":"https:\/\/api.w.org\/{rel}","templated":true}]}}