{"id":219191,"date":"2022-03-18T15:23:06","date_gmt":"2022-03-18T14:23:06","guid":{"rendered":"https:\/\/www.cronacaonline.it\/?p=219191"},"modified":"2022-03-18T15:23:08","modified_gmt":"2022-03-18T14:23:08","slug":"covid-giornata-nazionale-delle-vittime-il-presidente-solinas-onoriamo-la-loro-memoria-la-pandemia-restera-un-segno-indelebile-nelle-nostre-vite","status":"publish","type":"post","link":"https:\/\/www.cronacaonline.it\/index.php\/2022\/03\/18\/covid-giornata-nazionale-delle-vittime-il-presidente-solinas-onoriamo-la-loro-memoria-la-pandemia-restera-un-segno-indelebile-nelle-nostre-vite\/","title":{"rendered":"Covid, giornata nazionale delle vittime. Il presidente Solinas: \u201conoriamo la loro memoria. La pandemia rester\u00e0 un segno indelebile nelle nostre vite\u201d."},"content":{"rendered":"\n<p>Cagliari, 18 Mar 2022\u00a0\u2013 \u201cSono trascorsi due anni da quando il virus \u00e8 entrato tragicamente nelle nostre vite, sconvolgendo la quotidianit\u00e0 di tutti noi, portando sofferenza e lutti che resteranno indelebili nella nostra memoria. Sei milioni le vittime in tutto il mondo, oltre 150 mila nel nostro Paese. Un pesante tributo che anche la Sardegna e i sardi hanno pagato\u201d, dichiara il Presidente della Regione Sardegna, Christian Solinas, in occasione delle celebrazioni odierne per la Giornata in memoria delle vittime del Covid. \u201cNon potremo mai dimenticare i momenti pi\u00f9 bui di questa pandemia \u2013 sottolinea il Presidente \u2013 ma il 18 marzo deve essere anche l\u2019occasione per ricordare l\u2019impegno e il sacrificio di chi, sin dall\u2019inizio, ha combattuto questa battaglia in prima linea per salvare vite umane e verso i quali non possiamo che esprimere profonda gratitudine\u201d.<\/p>\n\n\n\n<p>\u201cL\u2019emergenza \u2013 prosegue il Presidente \u2013 non \u00e8 ancora alle spalle, le varianti costituiscono ancora una minaccia, nonostante lo scenario sia profondamente cambiato rispetto alla fase iniziale, soprattutto in ragione di una campagna vaccinale senza precedenti per le dimensioni e per gli sforzi messi in campo. Campagna di vaccinazione sulla quale i sardi hanno riposto profonda fiducia con un\u2019adesione tra le pi\u00f9 alte a livello nazionale. In questa pandemia ognuno di noi \u00e8 stato chiamato a fare la propria parte, per s\u00e9 e per gli altri. Chi ha vissuto e affrontato questa emergenza con senso di responsabilit\u00e0 e altruismo ha reso il miglior omaggio alle vittime e onorato la memoria a chi non ce l\u2019ha fatta\u201d.&nbsp;Com<\/p>\n","protected":false},"excerpt":{"rendered":"<p>Cagliari, 18 Mar 2022\u00a0\u2013 \u201cSono trascorsi due anni da quando il virus \u00e8 entrato tragicamente nelle nostre vite, sconvolgendo la quotidianit\u00e0 di tutti noi, portando&#8230;<\/p>\n","protected":false},"author":2,"featured_media":212554,"comment_status":"closed","ping_status":"open","sticky":false,"template":"","format":"standard","meta":[],"categories":[49,52],"tags":[],"_links":{"self":[{"href":"https:\/\/www.cronacaonline.it\/index.php\/wp-json\/wp\/v2\/posts\/219191"}],"collection":[{"href":"https:\/\/www.cronacaonline.it\/index.php\/wp-json\/wp\/v2\/posts"}],"about":[{"href":"https:\/\/www.cronacaonline.it\/index.php\/wp-json\/wp\/v2\/types\/post"}],"author":[{"embeddable":true,"href":"https:\/\/www.cronacaonline.it\/index.php\/wp-json\/wp\/v2\/users\/2"}],"replies":[{"embeddable":true,"href":"https:\/\/www.cronacaonline.it\/index.php\/wp-json\/wp\/v2\/comments?post=219191"}],"version-history":[{"count":1,"href":"https:\/\/www.cronacaonline.it\/index.php\/wp-json\/wp\/v2\/posts\/219191\/revisions"}],"predecessor-version":[{"id":219192,"href":"https:\/\/www.cronacaonline.it\/index.php\/wp-json\/wp\/v2\/posts\/219191\/revisions\/219192"}],"wp:featuredmedia":[{"embeddable":true,"href":"https:\/\/www.cronacaonline.it\/index.php\/wp-json\/wp\/v2\/media\/212554"}],"wp:attachment":[{"href":"https:\/\/www.cronacaonline.it\/index.php\/wp-json\/wp\/v2\/media?parent=219191"}],"wp:term":[{"taxonomy":"category","embeddable":true,"href":"https:\/\/www.cronacaonline.it\/index.php\/wp-json\/wp\/v2\/categories?post=219191"},{"taxonomy":"post_tag","embeddable":true,"href":"https:\/\/www.cronacaonline.it\/index.php\/wp-json\/wp\/v2\/tags?post=219191"}],"curies":[{"name":"wp","href":"https:\/\/api.w.org\/{rel}","templated":true}]}}