{"id":219174,"date":"2022-03-18T12:15:44","date_gmt":"2022-03-18T11:15:44","guid":{"rendered":"https:\/\/www.cronacaonline.it\/?p=219174"},"modified":"2022-03-18T12:15:46","modified_gmt":"2022-03-18T11:15:46","slug":"mobilita-sostenibile-assessori-pili-e-lampis-la-regione-promuove-lo-sviluppo-della-mobilita-elettrica-e-la-realizzazione-delle-infrastrutture","status":"publish","type":"post","link":"https:\/\/www.cronacaonline.it\/index.php\/2022\/03\/18\/mobilita-sostenibile-assessori-pili-e-lampis-la-regione-promuove-lo-sviluppo-della-mobilita-elettrica-e-la-realizzazione-delle-infrastrutture\/","title":{"rendered":"Mobilit\u00e0 sostenibile, assessori Pili e Lampis: \u2018la regione promuove lo sviluppo della mobilit\u00e0 elettrica e la realizzazione delle infrastrutture\u2019."},"content":{"rendered":"\n<p>Sardara, 18 Mar 2022 -\u00a0Si \u00e8 conclusa, a Sardara, l'attivit\u00e0 di installazione con la piena operativit\u00e0 della seconda stazione di ricarica per veicoli elettrici del 'progetto Sun2car': \"Il progetto - ha spiegato l'assessore regionale dell'Industria, Anita Pili, che ha partecipato all'inaugurazione - ha l'obiettivo di dare una soluzione al principale problema per la diffusione della mobilit\u00e0 elettrica, ovvero l'incertezza sulla disponibilit\u00e0 di punti di ricarica. In particolare, 'Sun2car' sfrutta il surplus di energia elettrica prodotta da fonte rinnovabile fotovoltaica\".<\/p>\n\n\n\n<p>\"Un'altra importante tappa del percorso intrapreso dalla Regione nel sensibilizzare verso una mobilit\u00e0 sostenibile, che assume ancora maggior valore alla luce della crisi energetica, aggravata dalla crisi internazionale - ha evidenziato l'assessore Pili - Vogliamo promuovere lo sviluppo della mobilit\u00e0 elettrica aumentando il numero di veicoli, pubblici e privati, ad emissione zero e la realizzazione di una rete di ricarica \u00e8 indispensabile per completare il programma di consolidamento del modello di sviluppo ecosostenibile della Sardegna\".<\/p>\n\n\n\n<p>\"Nell'ambito di questa politica strategica, la Regione sta attuando un importante investimento per la mobilit\u00e0 sostenibile, come previsto dal Piano energetico ambientale regionale (Pears), e finora ha finanziato quasi 200 Amministrazioni comunali e circa 250 imprese affinch\u00e9 si dotassero di auto elettriche\", ha concluso l'Assessore dell'Industria.<\/p>\n\n\n\n<p>\"Il futuro sostenibile dell'isola non pu\u00f2 prescindere dalla diffusione di una mobilit\u00e0 alternativa che, consentendo di abbattere i consumi energetici e l'inquinamento, rispetta l'ambiente e lo preserva - ha sottolineato l'assessore regionale della Difesa dell'ambiente, Gianni Lampis - In una terra come la Sardegna, che possiede un patrimonio naturalistico di grande pregio, come Istituzione abbiamo il dovere di proteggerlo, anche promuovendo la diffusione delle auto elettriche nelle nostre comunit\u00e0\".<\/p>\n\n\n\n<p>\"La tutela della qualit\u00e0 dell'aria resta tra gli obiettivi prioritari per chi persegue l'obiettivo della tutela della salute dei cittadini e della salubrit\u00e0 dell'ambiente. Perci\u00f2, affinch\u00e9 la mobilit\u00e0 elettrica svolga un ruolo positivo nei confronti dell'ambiente, \u00e8 necessario realizzare anche infrastrutture adeguate, riconoscendo il ruolo importante dei Comuni. Affinch\u00e9 possa affermarsi l'idea della Sardegna isola verde del Mediterraneo\", ha aggiunto l'assessore Lampis.&nbsp;Com<\/p>\n","protected":false},"excerpt":{"rendered":"<p>Sardara, 18 Mar 2022 &#8211;\u00a0Si \u00e8 conclusa, a Sardara, l&#8217;attivit\u00e0 di installazione con la piena operativit\u00e0 della seconda stazione di ricarica per veicoli elettrici del&#8230;<\/p>\n","protected":false},"author":2,"featured_media":219175,"comment_status":"closed","ping_status":"open","sticky":false,"template":"","format":"standard","meta":[],"categories":[49,52],"tags":[],"_links":{"self":[{"href":"https:\/\/www.cronacaonline.it\/index.php\/wp-json\/wp\/v2\/posts\/219174"}],"collection":[{"href":"https:\/\/www.cronacaonline.it\/index.php\/wp-json\/wp\/v2\/posts"}],"about":[{"href":"https:\/\/www.cronacaonline.it\/index.php\/wp-json\/wp\/v2\/types\/post"}],"author":[{"embeddable":true,"href":"https:\/\/www.cronacaonline.it\/index.php\/wp-json\/wp\/v2\/users\/2"}],"replies":[{"embeddable":true,"href":"https:\/\/www.cronacaonline.it\/index.php\/wp-json\/wp\/v2\/comments?post=219174"}],"version-history":[{"count":1,"href":"https:\/\/www.cronacaonline.it\/index.php\/wp-json\/wp\/v2\/posts\/219174\/revisions"}],"predecessor-version":[{"id":219176,"href":"https:\/\/www.cronacaonline.it\/index.php\/wp-json\/wp\/v2\/posts\/219174\/revisions\/219176"}],"wp:featuredmedia":[{"embeddable":true,"href":"https:\/\/www.cronacaonline.it\/index.php\/wp-json\/wp\/v2\/media\/219175"}],"wp:attachment":[{"href":"https:\/\/www.cronacaonline.it\/index.php\/wp-json\/wp\/v2\/media?parent=219174"}],"wp:term":[{"taxonomy":"category","embeddable":true,"href":"https:\/\/www.cronacaonline.it\/index.php\/wp-json\/wp\/v2\/categories?post=219174"},{"taxonomy":"post_tag","embeddable":true,"href":"https:\/\/www.cronacaonline.it\/index.php\/wp-json\/wp\/v2\/tags?post=219174"}],"curies":[{"name":"wp","href":"https:\/\/api.w.org\/{rel}","templated":true}]}}