{"id":219171,"date":"2022-03-18T12:13:19","date_gmt":"2022-03-18T11:13:19","guid":{"rendered":"https:\/\/www.cronacaonline.it\/?p=219171"},"modified":"2022-03-18T12:13:22","modified_gmt":"2022-03-18T11:13:22","slug":"energia-assessori-lampis-e-pili-la-transizione-sia-unopportunita-per-industria-famiglie-e-generazioni-future","status":"publish","type":"post","link":"https:\/\/www.cronacaonline.it\/index.php\/2022\/03\/18\/energia-assessori-lampis-e-pili-la-transizione-sia-unopportunita-per-industria-famiglie-e-generazioni-future\/","title":{"rendered":"Energia, assessori Lampis e Pili: \u2018la transizione sia un\u2019opportunit\u00e0 per industria, famiglie e generazioni future\u2019."},"content":{"rendered":"\n<p>Cagliari, 18 Mar 2022 -\u00a0\"Chiediamo uno sforzo maggiore da parte del Governo nazionale nelle politiche di semplificazione energetica. \u00c8 necessario che le comunit\u00e0 siano protagoniste dello sviluppo territoriale, perci\u00f2 Regioni e Comuni non possono essere spettatori passivi di una pianificazione imposta dall\u2019alto\". Lo hanno detto gli assessori regionali dell'Industria, Anita Pili, e della Difesa dell\u2019Ambiente, Gianni Lampis, in occasione del convegno, svoltosi a Roma, \"Le Regioni alla prova delle rinnovabili e della transizione\".<\/p>\n\n\n\n<p>\"La Sardegna - hanno aggiunto i due esponenti della Giunta Sarda, che hanno partecipato nel ruolo di coordinatori della Commissione Ambiente, energia e sostenibilit\u00e0 della Conferenza delle Regioni - pretende che la transizione sia un\u2019opportunit\u00e0 per l\u2019industria, le famiglie e le generazioni future. La parola chiave \u00e8 solidariet\u00e0, inserita in uno scenario energetico che non deve lasciare nessuno da solo\".<\/p>\n","protected":false},"excerpt":{"rendered":"<p>Cagliari, 18 Mar 2022 &#8211;\u00a0&#8220;Chiediamo uno sforzo maggiore da parte del Governo nazionale nelle politiche di semplificazione energetica. \u00c8 necessario che le comunit\u00e0 siano protagoniste&#8230;<\/p>\n","protected":false},"author":2,"featured_media":219172,"comment_status":"closed","ping_status":"open","sticky":false,"template":"","format":"standard","meta":[],"categories":[49,52],"tags":[],"_links":{"self":[{"href":"https:\/\/www.cronacaonline.it\/index.php\/wp-json\/wp\/v2\/posts\/219171"}],"collection":[{"href":"https:\/\/www.cronacaonline.it\/index.php\/wp-json\/wp\/v2\/posts"}],"about":[{"href":"https:\/\/www.cronacaonline.it\/index.php\/wp-json\/wp\/v2\/types\/post"}],"author":[{"embeddable":true,"href":"https:\/\/www.cronacaonline.it\/index.php\/wp-json\/wp\/v2\/users\/2"}],"replies":[{"embeddable":true,"href":"https:\/\/www.cronacaonline.it\/index.php\/wp-json\/wp\/v2\/comments?post=219171"}],"version-history":[{"count":1,"href":"https:\/\/www.cronacaonline.it\/index.php\/wp-json\/wp\/v2\/posts\/219171\/revisions"}],"predecessor-version":[{"id":219173,"href":"https:\/\/www.cronacaonline.it\/index.php\/wp-json\/wp\/v2\/posts\/219171\/revisions\/219173"}],"wp:featuredmedia":[{"embeddable":true,"href":"https:\/\/www.cronacaonline.it\/index.php\/wp-json\/wp\/v2\/media\/219172"}],"wp:attachment":[{"href":"https:\/\/www.cronacaonline.it\/index.php\/wp-json\/wp\/v2\/media?parent=219171"}],"wp:term":[{"taxonomy":"category","embeddable":true,"href":"https:\/\/www.cronacaonline.it\/index.php\/wp-json\/wp\/v2\/categories?post=219171"},{"taxonomy":"post_tag","embeddable":true,"href":"https:\/\/www.cronacaonline.it\/index.php\/wp-json\/wp\/v2\/tags?post=219171"}],"curies":[{"name":"wp","href":"https:\/\/api.w.org\/{rel}","templated":true}]}}